{"id":23165,"date":"2021-02-03T16:31:12","date_gmt":"2021-02-03T22:31:12","guid":{"rendered":"http:\/\/www.zonaroja.com.mx\/?p=23165"},"modified":"2021-02-03T16:31:18","modified_gmt":"2021-02-03T22:31:18","slug":"en-municipios-de-oaxaca-vale-mas-una-fiesta-que-la-vida-misma","status":"publish","type":"post","link":"https:\/\/zonaroja.com.mx\/?p=23165","title":{"rendered":"En municipios de Oaxaca, vale m\u00e1s una fiesta que la vida misma"},"content":{"rendered":"\n<p>Evlin Arag\u00f3n\/Zona Roja.<\/p>\n\n\n\n<p>Oaxaca de Ju\u00e1rez, Oax., 3 de febrero de 2021.- Los continuos llamados al cuidado personal y colectivo quedaron cortos para crear conciencia en la poblaci\u00f3n oaxaque\u00f1a sobre la necesidad de usar el cubrebocas, mantener la sana distancia y evitar lugares concurridos.&nbsp;<\/p>\n\n\n\n<p>Lo anterior ha quedado de manifiesto con el aumento de festividades y eventos masivos, que ponen en riesgo no s\u00f3lo a quienes los organizas y participaci\u00f3n, sino a toda la comunidad.&nbsp;<\/p>\n\n\n\n<p>El caso m\u00e1s reciente fue reportado en el municipio de Juchit\u00e1n de Zaragoza, en donde elementos de la polic\u00eda municipal cancelaron ayer la fiesta de aniversario en la colonia Mariano Escobedo, para lo cual hab\u00eda sido contratado un conjunto musical y adquirido alimentos para repartir entre habitantes de la demarcaci\u00f3n.<\/p>\n\n\n\n<p>La presencia de elementos de la Guardia Nacional que acompa\u00f1aron a la seguridad municipal, caus\u00f3 molestia en la poblaci\u00f3n que se negaba a suspender la actividad, pese a la prohibici\u00f3n existente en la localidad, incluso pidieron a la autoridad solventar los gastos que implicar\u00eda la cancelaci\u00f3n de la festividad.&nbsp;<\/p>\n\n\n\n<p>Debido a la oposici\u00f3n de las y los vecinos en la zona, quienes adem\u00e1s trataron de intimidar a la polic\u00eda al supuestamente llamar a una diputada local para obtener su respaldo, se decidi\u00f3 de com\u00fan acuerdo permitir una hora de reuni\u00f3n con la intenci\u00f3n de repartir los alimentos que ya hab\u00edan sido adquiridos.&nbsp;<\/p>\n\n\n\n<p>Minutos despu\u00e9s de los hechos el mun\u00edcipe de Juchit\u00e1n, Emilio Montero, anunci\u00f3 que analizan el cierre total del comercio durante dos semanas en la localidad istme\u00f1a, debido a que enero se convirti\u00f3 en una de los meses m\u00e1s letales, a causa de la pandemia.&nbsp;<\/p>\n\n\n\n<p>TAMBI\u00c9N EN CHO\u00c1PAM<\/p>\n\n\n\n<p>Lamentablemente no se trata de la \u00fanica localidad; el caso de San Juan del R\u00edo de Santiago Cho\u00e1pam ha acaparado la atenci\u00f3n, incluso a nivel nacional, toda vez que una tercera parte de la poblaci\u00f3n result\u00f3 contagiada por Covid-19, tras la celebraci\u00f3n de la festividad en honor al ni\u00f1o Jes\u00fas, realizada el pasado cinco de enero.<\/p>\n\n\n\n<p>Fue el propio edil, Evergisto Gaboa D\u00edaz, quien envi\u00f3 una carta al Presidente de la Rep\u00fablica Andr\u00e9s Manuel L\u00f3pez Obrador para dar a conocer que al menos 400 personas hab\u00edan sido contagiadas por el virus SARS COv2, 14 se encuentran hospitalizadas y 12 han fallecido.<\/p>\n\n\n\n<p>Sin embargo, de acuerdo con los reportes y videos difundidos, el 5 de enero hubo una fiesta masiva, con conjunto musical tra\u00eddo de Veracruz, que anim\u00f3 a los cientos de asistentes, lugar en que se habr\u00edan originado m\u00faltiples contagios.<\/p>\n\n\n\n<p>As\u00ed mismo, en d\u00edas anteriores se reportaron festividades en Puerto Escondido, Santo Domingo Tehuantepec, Heroica Ciudad de Tlaxiaco, Santos Reyes Nopala, San Pedro Ixtlahuaca, Nazareno Etla y la propia ciudad de Oaxaca, donde la polic\u00eda local suspendi\u00f3 una fiesta de XV a\u00f1os.&nbsp;<\/p>\n\n\n\n<p>Mientras que en San Juan Bautista Tuxtepec y San Pedro y San Pablo Ayutla las celebraciones religiosas siguen representando un riesgo de contagio al concentrar a decenas de personas en los templos e iglesias con motivo de las festividades de la Candelaria, celebradas este martes dos de febrero.&nbsp;<\/p>\n\n\n\n<p>Debido a lo anterior, el gobernador de Oaxaca Alejandro Murat Hinojosa, solo se ha limitado a recordar que es responsabilidad de la autoridad municipal mantener activas las medidas sanitarias emitidas a nivel nacional y estatal, incluidas la prohibici\u00f3n o regulaci\u00f3n de eventos masivos.<\/p>\n\n\n\n<p>As\u00ed mismo insiste en un llamado para no autorizar eventos que aglomeren personas, a fin de privilegiar la salud y la vida de la poblaci\u00f3n, el cual parec\u00eda dirigirse a o\u00eddos sordos de una poblaci\u00f3n a la que, a diez meses de la emergencia sanitaria, ya no le importa el contagio por Covid-19.&nbsp;<\/p>\n","protected":false},"excerpt":{"rendered":"<p>Evlin Arag\u00f3n\/Zona Roja. Oaxaca de Ju\u00e1rez, Oax., 3 de febrero de 2021.- Los continuos llamados&hellip;<\/p>\n","protected":false},"author":2,"featured_media":23166,"comment_status":"closed","ping_status":"open","sticky":false,"template":"","format":"standard","meta":{"_lmt_disableupdate":"","_lmt_disable":"","_jetpack_memberships_contains_paid_content":false,"footnotes":""},"categories":[109,47],"tags":[1512],"class_list":["post-23165","post","type-post","status-publish","format-standard","has-post-thumbnail","hentry","category-minuto-a-minuto","category-zona-gris","tag-coronavirus-oaxaca"],"jetpack_featured_media_url":"https:\/\/zonaroja.com.mx\/wp-content\/uploads\/2021\/02\/Fiesta-Juchitan.jpg","jetpack_sharing_enabled":true,"_links":{"self":[{"href":"https:\/\/zonaroja.com.mx\/index.php?rest_route=\/wp\/v2\/posts\/23165","targetHints":{"allow":["GET"]}}],"collection":[{"href":"https:\/\/zonaroja.com.mx\/index.php?rest_route=\/wp\/v2\/posts"}],"about":[{"href":"https:\/\/zonaroja.com.mx\/index.php?rest_route=\/wp\/v2\/types\/post"}],"author":[{"embeddable":true,"href":"https:\/\/zonaroja.com.mx\/index.php?rest_route=\/wp\/v2\/users\/2"}],"replies":[{"embeddable":true,"href":"https:\/\/zonaroja.com.mx\/index.php?rest_route=%2Fwp%2Fv2%2Fcomments&post=23165"}],"version-history":[{"count":1,"href":"https:\/\/zonaroja.com.mx\/index.php?rest_route=\/wp\/v2\/posts\/23165\/revisions"}],"predecessor-version":[{"id":23167,"href":"https:\/\/zonaroja.com.mx\/index.php?rest_route=\/wp\/v2\/posts\/23165\/revisions\/23167"}],"wp:featuredmedia":[{"embeddable":true,"href":"https:\/\/zonaroja.com.mx\/index.php?rest_route=\/wp\/v2\/media\/23166"}],"wp:attachment":[{"href":"https:\/\/zonaroja.com.mx\/index.php?rest_route=%2Fwp%2Fv2%2Fmedia&parent=23165"}],"wp:term":[{"taxonomy":"category","embeddable":true,"href":"https:\/\/zonaroja.com.mx\/index.php?rest_route=%2Fwp%2Fv2%2Fcategories&post=23165"},{"taxonomy":"post_tag","embeddable":true,"href":"https:\/\/zonaroja.com.mx\/index.php?rest_route=%2Fwp%2Fv2%2Ftags&post=23165"}],"curies":[{"name":"wp","href":"https:\/\/api.w.org\/{rel}","templated":true}]}}