{"id":23172,"date":"2021-02-03T21:10:14","date_gmt":"2021-02-04T03:10:14","guid":{"rendered":"http:\/\/www.zonaroja.com.mx\/?p=23172"},"modified":"2021-02-03T21:10:20","modified_gmt":"2021-02-04T03:10:20","slug":"asesinan-a-dos-mujeres-en-oaxaca-indagan-disputa-de-un-predio","status":"publish","type":"post","link":"https:\/\/zonaroja.com.mx\/?p=23172","title":{"rendered":"Asesinan a dos mujeres en Oaxaca; indagan disputa de un predio"},"content":{"rendered":"\n<p>Redacci\u00f3n\/Zona Roja.<\/p>\n\n\n\n<p>Oaxaca de Ju\u00e1rez, Oax., 3 de febrero de 2021.- Dos mujeres fueron asesinadas este mi\u00e9rcoles por la tarde en Ocotl\u00e1n de Morelos, municipio de la regi\u00f3n Valles Centrales de Oaxaca.<\/p>\n\n\n\n<p>De acuerdo con los primeros reportes oficiales, los hechos sucedieron minutos antes de las 15:00 horas cerca de la carretera federal 175, Oaxaca-Puerto \u00c1ngel, entronque con la supercarretera, a la altura de un balneario.<\/p>\n\n\n\n<p>Las v\u00edctimas fueron identificadas como Rosa L. M., de 33 a\u00f1os de edad, y Bernarda R. D., de 54 a\u00f1os; sus cuerpos presentan varios impactos de arma de fuego.<\/p>\n\n\n\n<figure class=\"wp-block-embed-twitter wp-block-embed is-type-rich is-provider-twitter\"><div class=\"wp-block-embed__wrapper\">\n<div class=\"twitter-tweet\"><blockquote class=\"twitter-tweet\" data-lang=\"es\"><p lang=\"es\" dir=\"ltr\"><a href=\"https:\/\/twitter.com\/hashtag\/OaxacaEstadoFeminicida?src=hash&amp;ref_src=twsrc%5Etfw\">#OaxacaEstadoFeminicida<\/a><br>Asesinan esta tarde a balazos a dos mujeres, en jurisdicci\u00f3n de <a href=\"https:\/\/twitter.com\/hashtag\/Ocotl%C3%A1n?src=hash&amp;ref_src=twsrc%5Etfw\">#Ocotl\u00e1n<\/a> de Morelos, municipio de la regi\u00f3n Valles Centrales de <a href=\"https:\/\/twitter.com\/hashtag\/Oaxaca?src=hash&amp;ref_src=twsrc%5Etfw\">#Oaxaca<\/a>. <br>La autoridad ministerial investiga probables <a href=\"https:\/\/twitter.com\/hashtag\/feminicidios?src=hash&amp;ref_src=twsrc%5Etfw\">#feminicidios<\/a>. <a href=\"https:\/\/twitter.com\/Fridaguerrera?ref_src=twsrc%5Etfw\">@Fridaguerrera<\/a> <a href=\"https:\/\/twitter.com\/OCNF?ref_src=twsrc%5Etfw\">@OCNF<\/a> <a href=\"https:\/\/twitter.com\/consorciooaxaca?ref_src=twsrc%5Etfw\">@consorciooaxaca<\/a> <a href=\"https:\/\/twitter.com\/GES_Mujer?ref_src=twsrc%5Etfw\">@GES_Mujer<\/a> <a href=\"https:\/\/t.co\/jWrpdHS0fl\">pic.twitter.com\/jWrpdHS0fl<\/a><\/p>&mdash; Zona Roja Oaxaca (@MexRoja) <a href=\"https:\/\/twitter.com\/MexRoja\/status\/1357124795033354243?ref_src=twsrc%5Etfw\">4 de febrero de 2021<\/a><\/blockquote><\/div>\n<\/div><\/figure>\n\n\n\n<p>De acuerdo con algunos testigos, los probables autores de los probables feminicidios arribaron a bordo de un veh\u00edculo tipo Chevy, de color azul.<\/p>\n\n\n\n<p>V\u00eda redes sociales, la Fiscal\u00eda General del Estado de Oaxaca confirm\u00f3 los hechos e indic\u00f3 que dio inicio a la Carpeta de Investigaci\u00f3n correspondiente, aunque sin precisar si lo hace bajo la perspectiva de g\u00e9nero.<\/p>\n\n\n\n<p>La instituci\u00f3n indaga una presunta disputa de terrenos y una probable venganza, pues por recientemente mataron a dos personas en la zona.<\/p>\n","protected":false},"excerpt":{"rendered":"<p>Redacci\u00f3n\/Zona Roja. Oaxaca de Ju\u00e1rez, Oax., 3 de febrero de 2021.- Dos mujeres fueron asesinadas&hellip;<\/p>\n","protected":false},"author":2,"featured_media":23173,"comment_status":"closed","ping_status":"open","sticky":false,"template":"","format":"standard","meta":{"_lmt_disableupdate":"","_lmt_disable":"","_jetpack_memberships_contains_paid_content":false,"footnotes":""},"categories":[109,47],"tags":[610,835],"class_list":["post-23172","post","type-post","status-publish","format-standard","has-post-thumbnail","hentry","category-minuto-a-minuto","category-zona-gris","tag-feminicidios-oaxaca","tag-ocotlan-de-morelos"],"jetpack_featured_media_url":"https:\/\/zonaroja.com.mx\/wp-content\/uploads\/2021\/02\/Ejecutadas-feminicidios-Ocotlan.png","jetpack_sharing_enabled":true,"_links":{"self":[{"href":"https:\/\/zonaroja.com.mx\/index.php?rest_route=\/wp\/v2\/posts\/23172","targetHints":{"allow":["GET"]}}],"collection":[{"href":"https:\/\/zonaroja.com.mx\/index.php?rest_route=\/wp\/v2\/posts"}],"about":[{"href":"https:\/\/zonaroja.com.mx\/index.php?rest_route=\/wp\/v2\/types\/post"}],"author":[{"embeddable":true,"href":"https:\/\/zonaroja.com.mx\/index.php?rest_route=\/wp\/v2\/users\/2"}],"replies":[{"embeddable":true,"href":"https:\/\/zonaroja.com.mx\/index.php?rest_route=%2Fwp%2Fv2%2Fcomments&post=23172"}],"version-history":[{"count":1,"href":"https:\/\/zonaroja.com.mx\/index.php?rest_route=\/wp\/v2\/posts\/23172\/revisions"}],"predecessor-version":[{"id":23174,"href":"https:\/\/zonaroja.com.mx\/index.php?rest_route=\/wp\/v2\/posts\/23172\/revisions\/23174"}],"wp:featuredmedia":[{"embeddable":true,"href":"https:\/\/zonaroja.com.mx\/index.php?rest_route=\/wp\/v2\/media\/23173"}],"wp:attachment":[{"href":"https:\/\/zonaroja.com.mx\/index.php?rest_route=%2Fwp%2Fv2%2Fmedia&parent=23172"}],"wp:term":[{"taxonomy":"category","embeddable":true,"href":"https:\/\/zonaroja.com.mx\/index.php?rest_route=%2Fwp%2Fv2%2Fcategories&post=23172"},{"taxonomy":"post_tag","embeddable":true,"href":"https:\/\/zonaroja.com.mx\/index.php?rest_route=%2Fwp%2Fv2%2Ftags&post=23172"}],"curies":[{"name":"wp","href":"https:\/\/api.w.org\/{rel}","templated":true}]}}