{"id":23175,"date":"2021-02-04T07:39:41","date_gmt":"2021-02-04T13:39:41","guid":{"rendered":"http:\/\/www.zonaroja.com.mx\/?p=23175"},"modified":"2021-02-04T06:13:52","modified_gmt":"2021-02-04T12:13:52","slug":"diputado-exige-a-ieepco-ser-imparcial-en-medidas-cautelares-que-emite","status":"publish","type":"post","link":"https:\/\/zonaroja.com.mx\/?p=23175","title":{"rendered":"Diputado exige a IEEPCO ser imparcial en medidas cautelares que emite"},"content":{"rendered":"\n<p>Yuridiana Sosa\/Zona Roja.<\/p>\n\n\n\n<p>Oaxaca de Ju\u00e1rez, Oax., 4 de febrero de 2021.- Ante las medidas cautelares emitidas por el Instituto Estatal Electoral y de Participaci\u00f3n Ciudadana de Oaxaca (IEEPCO), por probables actos anticipados de campa\u00f1a, del proceso electoral 2020-2021, el diputado C\u00e9sar Morales Ni\u00f1o, demand\u00f3 al organismo ser objetivo y profesional en la resoluci\u00f3n de quejas.<\/p>\n\n\n\n<p>En sesi\u00f3n ordinaria de Congreso del Estado, realizada de forma virtual, el legislador del Partido por el Trabajo expuso ante la 64 Legislatura que el IEEPCO ha mostrado en sus recientes resoluciones sesgos de parcialidad, pues las medidas cautelares y quejas iniciadas son \u00fanicamente contra actores pol\u00edticos de izquierda, vinculados con los partidos pol\u00edticos del Trabajo y Morena.<\/p>\n\n\n\n<p>Durante su participaci\u00f3n en asuntos generales, Morales Ni\u00f1o se\u00f1al\u00f3 que el Instituto Electoral de Oaxaca dicta las medidas sin realizar ning\u00fan tipo de investigaci\u00f3n previa.<\/p>\n\n\n\n<p>Indic\u00f3 que hasta el momento el IEEPCO s\u00f3lo se basa en la afirmaci\u00f3n que se\u00f1ala la parte quejosa para que la declaren procedente, situaci\u00f3n que \u201cse presta al abuso del derecho, al fraude a la ley, y a la manipulaci\u00f3n de las instituciones en perjuicio de la libre competencia electoral\u201d.<\/p>\n\n\n\n<p>Frente a estas circunstancias, el diputado consider\u00f3 necesario el llamado a la autoridad electoral de Oaxaca para que sus dict\u00e1menes de medidas cautelares sean con base a an\u00e1lisis jur\u00eddicos s\u00f3lidos, entre ellos verificar si los actos denunciados tienen elementos objetivos suficientes de modo, tiempo y lugar.<\/p>\n\n\n\n<p>As\u00ed como conocer si realmente pertenecen a la materia electoral, sin violentar la libertad de expresi\u00f3n, de reuni\u00f3n, de trabajo o de asociaci\u00f3n, pues ante el inicio del proceso electoral las quejas ser\u00e1n un acto recurrente.<\/p>\n","protected":false},"excerpt":{"rendered":"<p>Yuridiana Sosa\/Zona Roja. Oaxaca de Ju\u00e1rez, Oax., 4 de febrero de 2021.- Ante las medidas&hellip;<\/p>\n","protected":false},"author":2,"featured_media":21198,"comment_status":"closed","ping_status":"open","sticky":false,"template":"","format":"standard","meta":{"_lmt_disableupdate":"","_lmt_disable":"","_jetpack_memberships_contains_paid_content":false,"footnotes":""},"categories":[109,46],"tags":[612],"class_list":["post-23175","post","type-post","status-publish","format-standard","has-post-thumbnail","hentry","category-minuto-a-minuto","category-zona-blanca","tag-cesar-morales-nino"],"jetpack_featured_media_url":"https:\/\/zonaroja.com.mx\/wp-content\/uploads\/2020\/12\/Cesar-Morales.jpg","jetpack_sharing_enabled":true,"_links":{"self":[{"href":"https:\/\/zonaroja.com.mx\/index.php?rest_route=\/wp\/v2\/posts\/23175","targetHints":{"allow":["GET"]}}],"collection":[{"href":"https:\/\/zonaroja.com.mx\/index.php?rest_route=\/wp\/v2\/posts"}],"about":[{"href":"https:\/\/zonaroja.com.mx\/index.php?rest_route=\/wp\/v2\/types\/post"}],"author":[{"embeddable":true,"href":"https:\/\/zonaroja.com.mx\/index.php?rest_route=\/wp\/v2\/users\/2"}],"replies":[{"embeddable":true,"href":"https:\/\/zonaroja.com.mx\/index.php?rest_route=%2Fwp%2Fv2%2Fcomments&post=23175"}],"version-history":[{"count":2,"href":"https:\/\/zonaroja.com.mx\/index.php?rest_route=\/wp\/v2\/posts\/23175\/revisions"}],"predecessor-version":[{"id":23183,"href":"https:\/\/zonaroja.com.mx\/index.php?rest_route=\/wp\/v2\/posts\/23175\/revisions\/23183"}],"wp:featuredmedia":[{"embeddable":true,"href":"https:\/\/zonaroja.com.mx\/index.php?rest_route=\/wp\/v2\/media\/21198"}],"wp:attachment":[{"href":"https:\/\/zonaroja.com.mx\/index.php?rest_route=%2Fwp%2Fv2%2Fmedia&parent=23175"}],"wp:term":[{"taxonomy":"category","embeddable":true,"href":"https:\/\/zonaroja.com.mx\/index.php?rest_route=%2Fwp%2Fv2%2Fcategories&post=23175"},{"taxonomy":"post_tag","embeddable":true,"href":"https:\/\/zonaroja.com.mx\/index.php?rest_route=%2Fwp%2Fv2%2Ftags&post=23175"}],"curies":[{"name":"wp","href":"https:\/\/api.w.org\/{rel}","templated":true}]}}