{"id":23185,"date":"2021-02-04T07:18:39","date_gmt":"2021-02-04T13:18:39","guid":{"rendered":"http:\/\/www.zonaroja.com.mx\/?p=23185"},"modified":"2021-02-04T07:47:08","modified_gmt":"2021-02-04T13:47:08","slug":"complace-legislativo-a-gobernador-y-pospone-mas-comparecencias","status":"publish","type":"post","link":"https:\/\/zonaroja.com.mx\/?p=23185","title":{"rendered":"Complacen diputados a gobernador y posponen m\u00e1s comparecencias"},"content":{"rendered":"\n<p>Redacci\u00f3n\/Zona Roja.<\/p>\n\n\n\n<p>Oaxaca de Ju\u00e1rez, Oax., 4 de febrero de 2021.- El Poder Legislativo de Oaxaca cedi\u00f3 de nuevo ante el Ejecutivo que encabeza Alejandro Murat y acept\u00f3 reprogramar comparecencias de varios funcionarios del gobierno, con motivo de la glosa del Cuarto Informa, sin precisar razones.<\/p>\n\n\n\n<p>Ayer, en la sesi\u00f3n ordinaria virtual, aprob\u00f3 que las titulares de las secretar\u00edas de Movilidad y de las Culturas y Artes de Oaxaca, cuyas comparecencias estaban previstas para el lunes 1 de febrero, ahora se realizar\u00e1n este jueves 11 de febrero a las 10:00 y a las 14:00 horas, respectivamente.<\/p>\n\n\n\n<p>En tanto, la comparecencia del titular de la Secretar\u00eda de Finanzas, previsto para este mi\u00e9rcoles 3 de febrero, se program\u00f3 para el pr\u00f3ximo lunes 15 de febrero a las 10:00 horas, inform\u00f3 en un comunicado.<\/p>\n\n\n\n<p>Asimismo, sobre la comparecencia de la Secretar\u00eda de Administraci\u00f3n, ante la Comisi\u00f3n Permanente de Administraci\u00f3n P\u00fablica, que estaba prevista para ayer, se aprob\u00f3 reprogramar para una fecha que a\u00fan est\u00e1 por definirse.<\/p>\n\n\n\n<p>En el bolet\u00edn de prensa no se precis\u00f3 las razones de los cambios; apenas el pasado lunes suspendi\u00f3 la presentaci\u00f3n de dos funcionarios, debido a que fue d\u00eda inh\u00e1bil<\/p>\n","protected":false},"excerpt":{"rendered":"<p>Redacci\u00f3n\/Zona Roja. Oaxaca de Ju\u00e1rez, Oax., 4 de febrero de 2021.- El Poder Legislativo de&hellip;<\/p>\n","protected":false},"author":2,"featured_media":23186,"comment_status":"closed","ping_status":"open","sticky":false,"template":"","format":"standard","meta":{"_lmt_disableupdate":"","_lmt_disable":"","_jetpack_memberships_contains_paid_content":false,"footnotes":""},"categories":[109,47],"tags":[213],"class_list":["post-23185","post","type-post","status-publish","format-standard","has-post-thumbnail","hentry","category-minuto-a-minuto","category-zona-gris","tag-64-legislatura-de-oaxaca"],"jetpack_featured_media_url":"https:\/\/zonaroja.com.mx\/wp-content\/uploads\/2021\/02\/FOTO-1-Reprograma-Diputacion-oaxaquena-comparecencias-de-titulares-de-dependencias-estatales.jpg","jetpack_sharing_enabled":true,"_links":{"self":[{"href":"https:\/\/zonaroja.com.mx\/index.php?rest_route=\/wp\/v2\/posts\/23185","targetHints":{"allow":["GET"]}}],"collection":[{"href":"https:\/\/zonaroja.com.mx\/index.php?rest_route=\/wp\/v2\/posts"}],"about":[{"href":"https:\/\/zonaroja.com.mx\/index.php?rest_route=\/wp\/v2\/types\/post"}],"author":[{"embeddable":true,"href":"https:\/\/zonaroja.com.mx\/index.php?rest_route=\/wp\/v2\/users\/2"}],"replies":[{"embeddable":true,"href":"https:\/\/zonaroja.com.mx\/index.php?rest_route=%2Fwp%2Fv2%2Fcomments&post=23185"}],"version-history":[{"count":2,"href":"https:\/\/zonaroja.com.mx\/index.php?rest_route=\/wp\/v2\/posts\/23185\/revisions"}],"predecessor-version":[{"id":23191,"href":"https:\/\/zonaroja.com.mx\/index.php?rest_route=\/wp\/v2\/posts\/23185\/revisions\/23191"}],"wp:featuredmedia":[{"embeddable":true,"href":"https:\/\/zonaroja.com.mx\/index.php?rest_route=\/wp\/v2\/media\/23186"}],"wp:attachment":[{"href":"https:\/\/zonaroja.com.mx\/index.php?rest_route=%2Fwp%2Fv2%2Fmedia&parent=23185"}],"wp:term":[{"taxonomy":"category","embeddable":true,"href":"https:\/\/zonaroja.com.mx\/index.php?rest_route=%2Fwp%2Fv2%2Fcategories&post=23185"},{"taxonomy":"post_tag","embeddable":true,"href":"https:\/\/zonaroja.com.mx\/index.php?rest_route=%2Fwp%2Fv2%2Ftags&post=23185"}],"curies":[{"name":"wp","href":"https:\/\/api.w.org\/{rel}","templated":true}]}}