{"id":2319,"date":"2019-07-17T08:18:54","date_gmt":"2019-07-17T13:18:54","guid":{"rendered":"http:\/\/www.zonaroja.com.mx\/?p=2319"},"modified":"2019-07-17T08:18:56","modified_gmt":"2019-07-17T13:18:56","slug":"pide-san-dionisio-intervencion-de-instituto-nacional-de-pueblos-indigenas","status":"publish","type":"post","link":"https:\/\/zonaroja.com.mx\/?p=2319","title":{"rendered":"Pide San Dionisio intervenci\u00f3n de Instituto Nacional de Pueblos Ind\u00edgenas"},"content":{"rendered":"\n<p>Ismael\nGarc\u00eda M.<\/p>\n\n\n\n<p>Oaxaca de\nJu\u00e1rez, Oax., 17 de julio de 2019.- Tras la entrega voluntaria de las personas\nretenidas desde el 7 de julio, la representaci\u00f3n de la autoridad de San\nDionisio Ocotepec pidi\u00f3 la intervenci\u00f3n del Instituto Nacional de Pueblos\nInd\u00edgenas (INPI) para signar un acuerdo de paz con el empresario Edy Monterrosa\nM\u00e9ndez.<\/p>\n\n\n\n<p>\u201cPedimos la colaboraci\u00f3n\ndel INPI, de Adelfo Regiono Montes, para que en colaboraci\u00f3n con la Defensor\u00eda\nde los Derechos Humanos del Pueblo de Oaxaca concretar, con el gobierno federal\ny el estatal, firma de convenio de paz en subrogaci\u00f3n de empresario\u201d, dijo el\ncomisionado de la poblaci\u00f3n, Juan L\u00f3pez.<\/p>\n\n\n\n<p>Reiter\u00f3 la \u201ctotal\nomisi\u00f3n\u201d del Poder Ejecutivo, as\u00ed como de la Fiscal\u00eda General del Estado para\nintervenir y solucionar la problem\u00e1tica, que surgi\u00f3 luego que rescataron un\npredio en el paraje \u201cCerro cumbre Quiatoni\u201d, que el empresario originario de\nMatatl\u00e1n ocupaba y manten\u00eda personas armadas para su resguardo.<\/p>\n\n\n\n<p>\u201cLa exigencia sigue siendo que el Estado mexicano asuma obligaci\u00f3n de firmar un convenio de paz para garantizar armon\u00eda y paz social en la comunidad; que brinde protecci\u00f3n a la comunidad pues los asegurados portaban armas largas\u201d manifest\u00f3 en una declaraci\u00f3n grabada.<\/p>\n\n\n\n<figure class=\"wp-block-embed-twitter wp-block-embed is-type-rich is-provider-twitter\"><div class=\"wp-block-embed__wrapper\">\n<div class=\"twitter-tweet\"><blockquote class=\"twitter-tweet\" data-lang=\"es\"><p lang=\"es\" dir=\"ltr\">Este es el momento en que se firma en San Dionisio Ocotepec la entrega de las personas retenidas a la Guardia Nacional y a la <a href=\"https:\/\/twitter.com\/FGRMexico?ref_src=twsrc%5Etfw\">@FGRMexico<\/a> <a href=\"https:\/\/twitter.com\/FGR_Oax?ref_src=twsrc%5Etfw\">@FGR_Oax<\/a>, despu\u00e9s de 10 d\u00edas; es muestra de buena voluntad, asegura la comunidad. <a href=\"https:\/\/twitter.com\/julioastillero?ref_src=twsrc%5Etfw\">@julioastillero<\/a> <a href=\"https:\/\/twitter.com\/NTelevisa_com?ref_src=twsrc%5Etfw\">@NTelevisa_com<\/a> <a href=\"https:\/\/twitter.com\/ElUniversalOax?ref_src=twsrc%5Etfw\">@ElUniversalOax<\/a> <a href=\"https:\/\/twitter.com\/Reforma?ref_src=twsrc%5Etfw\">@Reforma<\/a> <a href=\"https:\/\/t.co\/qxqE8Dmru2\">pic.twitter.com\/qxqE8Dmru2<\/a><\/p>&mdash; Zona Roja Oaxaca (@MexRoja) <a href=\"https:\/\/twitter.com\/MexRoja\/status\/1151223223494725634?ref_src=twsrc%5Etfw\">16 de julio de 2019<\/a><\/blockquote><\/div>\n<\/div><\/figure>\n\n\n\n<p>Lament\u00f3 la irresponsabilidad\nde funcionarios del Gobierno del Estado:<\/p>\n\n\n\n<p>\u201cEl domingo\nlogramos un compromiso, se firm\u00f3 un acuerdo con el abogado de Edy Monterrosa,\nde nombre V\u00edctor Manuel Cartas Mart\u00ednez, para a presentarlo el martes a las\ncuatro de la tarde para la firma del convenio de paz.<\/p>\n\n\n\n<p>Refrend\u00f3 el acuerdo\nel delegado Gobierno Tlacolula-Yautepec, Esa\u00fa L\u00f3pez Quero, pero hubo una total\nfalta de responsabilidad y de honorabilidad del funcionario, que dio ser\nportavoz de gobernador Alejandro Murat, nunca volvieron a presentarse, menos el\nse\u00f1or Edy Monterrosa\u201d, remarc\u00f3.<\/p>\n\n\n\n<p>Por esas\nomisiones del gobierno estatal, determinaron el lunes pedir la presencia de la\nFiscal\u00eda General de la Rep\u00fablica, as\u00ed como la Guardia Nacional, para entregar a\nlas 16 personas retenidas, cuyo n\u00famero ascendi\u00f3 finalmente a 19, lo cual se\nconcret\u00f3 ayer por la tarde.<\/p>\n\n\n\n<p>Las personas\naseguradas fueron llevadas a la sede Oaxaca de la Fiscal\u00eda General de la\nRep\u00fablica, en San Bartolo Coyotepec, donde se seguir\u00e1 un proceso de\ninvestigaci\u00f3n por portaci\u00f3n de armas de uso exclusivo del Ej\u00e9rcito y otros\nprobables delitos.<\/p>\n","protected":false},"excerpt":{"rendered":"<p>Ismael Garc\u00eda M. Oaxaca de Ju\u00e1rez, Oax., 17 de julio de 2019.- Tras la entrega&hellip;<\/p>\n","protected":false},"author":2,"featured_media":2320,"comment_status":"closed","ping_status":"open","sticky":false,"template":"","format":"standard","meta":{"_lmt_disableupdate":"","_lmt_disable":"","_jetpack_memberships_contains_paid_content":false,"footnotes":""},"categories":[109,51],"tags":[322],"class_list":["post-2319","post","type-post","status-publish","format-standard","has-post-thumbnail","hentry","category-minuto-a-minuto","category-zona-roja","tag-retenidos-san-dionisio-ocotepec"],"jetpack_featured_media_url":"https:\/\/zonaroja.com.mx\/wp-content\/uploads\/2019\/07\/Sn-Dionisio-Ocotepec-3.jpeg","jetpack_sharing_enabled":true,"_links":{"self":[{"href":"https:\/\/zonaroja.com.mx\/index.php?rest_route=\/wp\/v2\/posts\/2319","targetHints":{"allow":["GET"]}}],"collection":[{"href":"https:\/\/zonaroja.com.mx\/index.php?rest_route=\/wp\/v2\/posts"}],"about":[{"href":"https:\/\/zonaroja.com.mx\/index.php?rest_route=\/wp\/v2\/types\/post"}],"author":[{"embeddable":true,"href":"https:\/\/zonaroja.com.mx\/index.php?rest_route=\/wp\/v2\/users\/2"}],"replies":[{"embeddable":true,"href":"https:\/\/zonaroja.com.mx\/index.php?rest_route=%2Fwp%2Fv2%2Fcomments&post=2319"}],"version-history":[{"count":1,"href":"https:\/\/zonaroja.com.mx\/index.php?rest_route=\/wp\/v2\/posts\/2319\/revisions"}],"predecessor-version":[{"id":2321,"href":"https:\/\/zonaroja.com.mx\/index.php?rest_route=\/wp\/v2\/posts\/2319\/revisions\/2321"}],"wp:featuredmedia":[{"embeddable":true,"href":"https:\/\/zonaroja.com.mx\/index.php?rest_route=\/wp\/v2\/media\/2320"}],"wp:attachment":[{"href":"https:\/\/zonaroja.com.mx\/index.php?rest_route=%2Fwp%2Fv2%2Fmedia&parent=2319"}],"wp:term":[{"taxonomy":"category","embeddable":true,"href":"https:\/\/zonaroja.com.mx\/index.php?rest_route=%2Fwp%2Fv2%2Fcategories&post=2319"},{"taxonomy":"post_tag","embeddable":true,"href":"https:\/\/zonaroja.com.mx\/index.php?rest_route=%2Fwp%2Fv2%2Ftags&post=2319"}],"curies":[{"name":"wp","href":"https:\/\/api.w.org\/{rel}","templated":true}]}}