{"id":23199,"date":"2021-02-04T08:56:00","date_gmt":"2021-02-04T14:56:00","guid":{"rendered":"http:\/\/www.zonaroja.com.mx\/?p=23199"},"modified":"2021-02-04T08:57:10","modified_gmt":"2021-02-04T14:57:10","slug":"aseguran-que-hay-solo-13-casos-acumulados-de-covid-en-choapam","status":"publish","type":"post","link":"https:\/\/zonaroja.com.mx\/?p=23199","title":{"rendered":"Aseguran que hay s\u00f3lo 13 casos acumulados de Covid en Cho\u00e1pam"},"content":{"rendered":"\n<p>Yuridiana Sosa\/Zona Roja.<\/p>\n\n\n\n<p>San Juan Bautista Tuxtepec, Oax., 4 de febrero de 2021.- La Jurisdicci\u00f3n Sanitaria n\u00famero 03, de los Servicios de Salud de Oaxaca, registra hasta este mi\u00e9rcoles, 13 casos acumulados de Covid-19 en la comunidad de San Juan del R\u00edo, de Santiago Cho\u00e1pam, y cuatro fallecidos, cifra que contrasta a los 400 casos y 12 defunciones reportadas por el edil, Evergisto Gamboa.<\/p>\n\n\n\n<p>En una segunda jornada de aplicaci\u00f3n de pruebas en donde se report\u00f3 por la autoridad municipal la existencia de un brote masivo de casos, la Jurisdicci\u00f3n 03 con sede en Tuxtepec aplic\u00f3 un total de 20 muestras, de las que uno result\u00f3 positivo, con un total de 70 pruebas aplicadas y 13 casos acumulados registrados por la autoridad sanitaria en el transcurso del pasado 26 de enero a la fecha.<\/p>\n\n\n\n<p>Tambi\u00e9n se inform\u00f3 que en ese lapso se ha registrado un total de cuatro defunciones, de las que dos est\u00e1n confirmadas como casos covid-19 y dos como casos sospechosos de coronavirus.<\/p>\n\n\n\n<p>Mientras que se registran a tres pacientes hospitalizados, dos en el Hospital General y uno m\u00e1s en el Hospital de zona n\u00famero tres del Instituto Mexicano del Seguro Social, en Tuxtepec. Todos con un estado cr\u00edtico y reservado, inform\u00f3 el jefe de la Jurisdicci\u00f3n.<\/p>\n\n\n\n<p>Durante la visita del jefe de la jurisdicci\u00f3n 03, Mois\u00e9s Montalvo, y ante la presencia del agente de San Juan del R\u00edo, Gaudencio Mart\u00ednez Cruz, uno de los habitantes, Fidel L\u00f3pez, reconoci\u00f3 que la comunidad \u201ctom\u00f3 a la ligera la pandemia\u201d.<\/p>\n\n\n\n<p>\u201cLo que pas\u00f3 fue la poca responsabilidad que tuvimos. No escuchamos las advertencias de las autoridades de salud\u201d, dijo y agreg\u00f3 que fueron pocos los habitantes que acataron las medidas.<\/p>\n\n\n\n<p>El habitante tambi\u00e9n se\u00f1al\u00f3: \u201cEs grave, no es juego esto (la pandemia)\u201d y pidi\u00f3 a la su comunidad que acepten la irresponsabilidad.<\/p>\n\n\n\n<p>Estas cifras distan del panorama que ofreci\u00f3 el presidente municipal, Evergisto Gamboa, hace una semana, con 400 casos de Covid-19, y 12 defunciones, motivo por el que demand\u00f3 ayuda al presidente de M\u00e9xico con la dotaci\u00f3n de insumos y principalmente de mil dosis de vacuna contra el virus.<\/p>\n","protected":false},"excerpt":{"rendered":"<p>Yuridiana Sosa\/Zona Roja. San Juan Bautista Tuxtepec, Oax., 4 de febrero de 2021.- La Jurisdicci\u00f3n&hellip;<\/p>\n","protected":false},"author":2,"featured_media":23200,"comment_status":"closed","ping_status":"open","sticky":false,"template":"","format":"standard","meta":{"_lmt_disableupdate":"","_lmt_disable":"","_jetpack_memberships_contains_paid_content":false,"footnotes":""},"categories":[109,47],"tags":[2409],"class_list":["post-23199","post","type-post","status-publish","format-standard","has-post-thumbnail","hentry","category-minuto-a-minuto","category-zona-gris","tag-santiago-choapam"],"jetpack_featured_media_url":"https:\/\/zonaroja.com.mx\/wp-content\/uploads\/2021\/02\/Jurisdiccion-santiaria-Tuxtepec.jpg","jetpack_sharing_enabled":true,"_links":{"self":[{"href":"https:\/\/zonaroja.com.mx\/index.php?rest_route=\/wp\/v2\/posts\/23199","targetHints":{"allow":["GET"]}}],"collection":[{"href":"https:\/\/zonaroja.com.mx\/index.php?rest_route=\/wp\/v2\/posts"}],"about":[{"href":"https:\/\/zonaroja.com.mx\/index.php?rest_route=\/wp\/v2\/types\/post"}],"author":[{"embeddable":true,"href":"https:\/\/zonaroja.com.mx\/index.php?rest_route=\/wp\/v2\/users\/2"}],"replies":[{"embeddable":true,"href":"https:\/\/zonaroja.com.mx\/index.php?rest_route=%2Fwp%2Fv2%2Fcomments&post=23199"}],"version-history":[{"count":2,"href":"https:\/\/zonaroja.com.mx\/index.php?rest_route=\/wp\/v2\/posts\/23199\/revisions"}],"predecessor-version":[{"id":23202,"href":"https:\/\/zonaroja.com.mx\/index.php?rest_route=\/wp\/v2\/posts\/23199\/revisions\/23202"}],"wp:featuredmedia":[{"embeddable":true,"href":"https:\/\/zonaroja.com.mx\/index.php?rest_route=\/wp\/v2\/media\/23200"}],"wp:attachment":[{"href":"https:\/\/zonaroja.com.mx\/index.php?rest_route=%2Fwp%2Fv2%2Fmedia&parent=23199"}],"wp:term":[{"taxonomy":"category","embeddable":true,"href":"https:\/\/zonaroja.com.mx\/index.php?rest_route=%2Fwp%2Fv2%2Fcategories&post=23199"},{"taxonomy":"post_tag","embeddable":true,"href":"https:\/\/zonaroja.com.mx\/index.php?rest_route=%2Fwp%2Fv2%2Ftags&post=23199"}],"curies":[{"name":"wp","href":"https:\/\/api.w.org\/{rel}","templated":true}]}}