{"id":23203,"date":"2021-02-04T11:41:32","date_gmt":"2021-02-04T17:41:32","guid":{"rendered":"http:\/\/www.zonaroja.com.mx\/?p=23203"},"modified":"2021-02-04T11:41:36","modified_gmt":"2021-02-04T17:41:36","slug":"siguen-protestas-en-apoyo-a-trabajadores-del-maco-artista-donara-recursos","status":"publish","type":"post","link":"https:\/\/zonaroja.com.mx\/?p=23203","title":{"rendered":"Siguen protestas en apoyo a trabajadores del MACO; artista donar\u00e1 recursos"},"content":{"rendered":"\n<p>Evlin Arag\u00f3n\/Zona Roja.<\/p>\n\n\n\n<p>Oaxaca de Ju\u00e1rez, Oax., 4 de febrero de 2021.- \u201cNo al desalojo del MACO\u201d refiere la manta que port\u00f3 anoche un manifestante, cubierto de todo el cuerpo, como parte de un performance que se llev\u00f3 a cabo este mi\u00e9rcoles para exigir la soluci\u00f3n del conflicto al interior del recinto cultural que forma parte de la herencia de Francisco Toledo.&nbsp;<\/p>\n\n\n\n<p>La actividad, en la que tambi\u00e9n participaron varias personas, se llev\u00f3 a cabo en la explanada del templo de Santo Domingo de Guzm\u00e1n para despu\u00e9s emprender una caminata por el Andador Tur\u00edstico y arribar en el museo, en donde a\u00fan pernoctan trabajadores para exigir el pago de nueve meses de salarios pendientes.&nbsp;<\/p>\n\n\n\n<p>Las consignas en contra del desalojo y a favor del pago inmediato al personal que ah\u00ed labora, se escucharon por algunos minutos en el lugar.&nbsp;<\/p>\n\n\n\n<p>De acuerdo con la todav\u00eda directora del espacio cultural, Cecilia Ming\u00fcer Vargas, es la Mesa Directiva de la asociaci\u00f3n civil Amigos del MACO, la responsable de emitir los pagos de n\u00f3mina al personal, sin embargo, desde hace meses y con el pretexto de la pandemia no se ha concretado.&nbsp;<\/p>\n\n\n\n<p>Pese a la solicitud de audiencia del personal con la directiva de la asociaci\u00f3n, esta \u00faltima encabezada por Rub\u00e9n Leyva Jim\u00e9nez, Jos\u00e9 Luis Bustamante del Valle y Mayela Audelo Holm, se han negado a recibirles y por el contrario recientemente trascendi\u00f3 que intentaron desalojar al personal, sin liquidar la deuda pendiente.<\/p>\n\n\n\n<figure class=\"wp-block-embed-twitter wp-block-embed is-type-rich is-provider-twitter\"><div class=\"wp-block-embed__wrapper\">\n<div class=\"twitter-tweet\"><blockquote class=\"twitter-tweet\" data-lang=\"es\"><p lang=\"es\" dir=\"ltr\"><a href=\"https:\/\/twitter.com\/hashtag\/%C3%9AltimoMinuto?src=hash&amp;ref_src=twsrc%5Etfw\">#\u00daltimoMinuto<\/a> <br>Para exigir soluci\u00f3n al problema laboral en el <a href=\"https:\/\/twitter.com\/MACOaxaca?ref_src=twsrc%5Etfw\">@MACOaxaca<\/a>, un grupo de artistas y sociedad civil realiza esta noche una protesta pac\u00edfica en el Centro Hist\u00f3rico de la capital de <a href=\"https:\/\/twitter.com\/hashtag\/Oaxaca?src=hash&amp;ref_src=twsrc%5Etfw\">#Oaxaca<\/a>. <br><br>Video: <a href=\"https:\/\/twitter.com\/alexvizzz?ref_src=twsrc%5Etfw\">@alexvizzz<\/a>. <a href=\"https:\/\/t.co\/U9xp3NQLax\">pic.twitter.com\/U9xp3NQLax<\/a><\/p>&mdash; Zona Roja Oaxaca (@MexRoja) <a href=\"https:\/\/twitter.com\/MexRoja\/status\/1357142042544062464?ref_src=twsrc%5Etfw\">4 de febrero de 2021<\/a><\/blockquote><\/div>\n<\/div><\/figure>\n\n\n\n<p>EXHORTO LEGISLATIVO<\/p>\n\n\n\n<p>Ayer, a iniciativa de la diputada Hilda P\u00e9rez Luis, la 64 Legislatura del Congreso local aprob\u00f3 un punto de acuerdo de urgente y obvia resoluci\u00f3n para exhortar a los titulares de la Junta Local de Conciliaci\u00f3n y Arbitraje del Estado, y de la Secretar\u00eda de las Culturas y Artes de Oaxaca, para que a la brevedad implementen una mesa de di\u00e1logo con las partes en conflicto.&nbsp;<\/p>\n\n\n\n<p>Y es que a\u00fan que la titular de la pol\u00edtica p\u00fablica en materia de Cultura en Oaxaca se ha querido deslindar del conflicto, es verdad que puede mediar con el sector cultural e incluso realizar gestiones y acciones para evitar el cierre del Museo de Arte Contempor\u00e1neo de Oaxaca y pueda seguir operando con normalidad.<\/p>\n\n\n\n<p>APOYA PINTOR<\/p>\n\n\n\n<p>Mientras la autoridad se deslinda y la asociaci\u00f3n civil se dice sin fondos, el pintor, escultor e instalador Alberto Arag\u00f3n Reyes anunci\u00f3 que aportar\u00e1 recursos para abonar parte de los sueldos que se les adeudan a las y los empleados de dicha instituci\u00f3n muse\u00edstica desde hace nueve meses.<\/p>\n\n\n\n<p>El artista visual expres\u00f3 su preocupaci\u00f3n por las condiciones que han debido afrontar las personas que trabajan en el recinto y asegur\u00f3 que, en agradecimiento a una invitaci\u00f3n que le hizo la asociaci\u00f3n civil Amigos del MACO para exponer sus obras, realizar\u00e1 el aporte econ\u00f3mico, cuyo monto no detall\u00f3, aunque se sabe le alcanzar\u00eda para montar una exposici\u00f3n en Dinamarca, la cual cancel\u00f3.&nbsp;&nbsp;<\/p>\n\n\n\n<p>Arag\u00f3n Reyes hizo un llamado a la comunidad art\u00edstica de Oaxaca y del pa\u00eds, as\u00ed como a las autoridades, para que se sumen a la causa a fin de que el Museo retome actividades de alto nivel a la brevedad posible, y que la situaci\u00f3n laboral de quienes trabajan en la instituci\u00f3n quede debidamente garantizada.&nbsp;<\/p>\n","protected":false},"excerpt":{"rendered":"<p>Evlin Arag\u00f3n\/Zona Roja. Oaxaca de Ju\u00e1rez, Oax., 4 de febrero de 2021.- \u201cNo al desalojo&hellip;<\/p>\n","protected":false},"author":2,"featured_media":23204,"comment_status":"closed","ping_status":"open","sticky":false,"template":"","format":"standard","meta":{"_lmt_disableupdate":"","_lmt_disable":"","_jetpack_memberships_contains_paid_content":false,"footnotes":""},"categories":[109,47],"tags":[2298],"class_list":["post-23203","post","type-post","status-publish","format-standard","has-post-thumbnail","hentry","category-minuto-a-minuto","category-zona-gris","tag-museo-de-arte-contemporaneo-de-oaxaca-maco"],"jetpack_featured_media_url":"https:\/\/zonaroja.com.mx\/wp-content\/uploads\/2021\/02\/Protesta-MACO.jpg","jetpack_sharing_enabled":true,"_links":{"self":[{"href":"https:\/\/zonaroja.com.mx\/index.php?rest_route=\/wp\/v2\/posts\/23203","targetHints":{"allow":["GET"]}}],"collection":[{"href":"https:\/\/zonaroja.com.mx\/index.php?rest_route=\/wp\/v2\/posts"}],"about":[{"href":"https:\/\/zonaroja.com.mx\/index.php?rest_route=\/wp\/v2\/types\/post"}],"author":[{"embeddable":true,"href":"https:\/\/zonaroja.com.mx\/index.php?rest_route=\/wp\/v2\/users\/2"}],"replies":[{"embeddable":true,"href":"https:\/\/zonaroja.com.mx\/index.php?rest_route=%2Fwp%2Fv2%2Fcomments&post=23203"}],"version-history":[{"count":1,"href":"https:\/\/zonaroja.com.mx\/index.php?rest_route=\/wp\/v2\/posts\/23203\/revisions"}],"predecessor-version":[{"id":23205,"href":"https:\/\/zonaroja.com.mx\/index.php?rest_route=\/wp\/v2\/posts\/23203\/revisions\/23205"}],"wp:featuredmedia":[{"embeddable":true,"href":"https:\/\/zonaroja.com.mx\/index.php?rest_route=\/wp\/v2\/media\/23204"}],"wp:attachment":[{"href":"https:\/\/zonaroja.com.mx\/index.php?rest_route=%2Fwp%2Fv2%2Fmedia&parent=23203"}],"wp:term":[{"taxonomy":"category","embeddable":true,"href":"https:\/\/zonaroja.com.mx\/index.php?rest_route=%2Fwp%2Fv2%2Fcategories&post=23203"},{"taxonomy":"post_tag","embeddable":true,"href":"https:\/\/zonaroja.com.mx\/index.php?rest_route=%2Fwp%2Fv2%2Ftags&post=23203"}],"curies":[{"name":"wp","href":"https:\/\/api.w.org\/{rel}","templated":true}]}}