{"id":23206,"date":"2021-02-04T11:46:05","date_gmt":"2021-02-04T17:46:05","guid":{"rendered":"http:\/\/www.zonaroja.com.mx\/?p=23206"},"modified":"2021-02-04T11:46:09","modified_gmt":"2021-02-04T17:46:09","slug":"van-294-oaxaquenos-fallecidos-por-covid-en-estados-unidos-26-son-este-2021","status":"publish","type":"post","link":"https:\/\/zonaroja.com.mx\/?p=23206","title":{"rendered":"Van 294 oaxaque\u00f1os fallecidos por Covid en Estados Unidos; 26 son este 2021"},"content":{"rendered":"\n<p>Yuridiana Sosa\/Zona Roja.<\/p>\n\n\n\n<p>Oaxaca de Ju\u00e1rez, Oax., 3 de febrero de 2021.- En el transcurso de la pandemia de Covid, 294 oaxaque\u00f1os radicados en los Estados Unidos de Norteam\u00e9rica han perdido la vida a causa del virus SARS-Cov-2, de los que 26 se han registrado en enero, indic\u00f3 el Instituto Oaxaque\u00f1o de Atenci\u00f3n al Migrante (IOAM).<\/p>\n\n\n\n<p>Con dicha cifra, al corte del 22 de enero, Oaxaca ocupa el tercer lugar en este tipo de decesos entre la comunidad mexicana en el pa\u00eds vecino del norte, superado por Guerrero con 329 decesos y Puebla con 663 casos.<\/p>\n\n\n\n<p>El IOAM indic\u00f3 que el Gobierno del Estado ha realizado las gestiones necesarias para la repatriaci\u00f3n de los 26 restos mortuorios a su comunidad de origen; 11 de los restos con destino a la regi\u00f3n de la Mixteca; cinco perteneciente a Valles Centrales e Istmo, cuatro de la Sierra Sur y uno a la Cuenca.<\/p>\n\n\n\n<p>Durante el a\u00f1o 2020, por distintas causas, 436 migrantes oaxaque\u00f1os fallecieron, de quienes sus restos fueron enviados a sus comunidades de origen, de los cuales 115 Valles Centrales; 65 de la Costa; 15, Istmo; 119 de la Mixteca; 22 de la Cuenca del Papaloapan; 37 de la Sierra Norte; 59, Sierra Sur y cuatro era de la regi\u00f3n Ca\u00f1ada.<\/p>\n\n\n\n<p>El IOAM inform\u00f3 que la cifra del a\u00f1o 2019, es mucho menor con 184 migrantes fallecidos debido a que en el 2020 la contingencia de covid-19 elev\u00f3 la incidencia, con una diferencia de 252 casos.<\/p>\n\n\n\n<p>En el transcurso del 2019, las 184 defunciones se distribuyeron en 41 casos de migrantes originarios de la regi\u00f3n Costa; nueve del Istmo; 44, Mixteca;21, Sierra Sur; 44, Valles Centrales; 14, de la Cuenca del Papaloapan; 10, Sierra Norte y uno de la regi\u00f3n Ca\u00f1ada.<\/p>\n\n\n\n<p>REPATRIACIONES<\/p>\n\n\n\n<p>En el a\u00f1o 2020 el n\u00famero de repatriaciones disminuy\u00f3 de forma hist\u00f3rica, al registrarse el n\u00famero m\u00e1s bajo de los \u00faltimos 10 a\u00f1os.<\/p>\n\n\n\n<p>Mientras en el 2019 cerr\u00f3 con 19 mil 649, el a\u00f1o 2020 registr\u00f3 un total de 12 mil 850 repatriaciones, con un total de 67 mil 174 oaxaque\u00f1os regresados durante el periodo de Donald Trump, menos que cada uno de los periodos de Barack Obama, con 102 mil 607 casos en el primero y 86 mil 233 en el segundo.<\/p>\n","protected":false},"excerpt":{"rendered":"<p>Yuridiana Sosa\/Zona Roja. Oaxaca de Ju\u00e1rez, Oax., 3 de febrero de 2021.- En el transcurso&hellip;<\/p>\n","protected":false},"author":2,"featured_media":14995,"comment_status":"closed","ping_status":"open","sticky":false,"template":"","format":"standard","meta":{"_lmt_disableupdate":"","_lmt_disable":"","_jetpack_memberships_contains_paid_content":false,"footnotes":""},"categories":[109,47],"tags":[1228],"class_list":["post-23206","post","type-post","status-publish","format-standard","has-post-thumbnail","hentry","category-minuto-a-minuto","category-zona-gris","tag-instituto-oaxaqueno-de-atencion-al-migrante"],"jetpack_featured_media_url":"https:\/\/zonaroja.com.mx\/wp-content\/uploads\/2020\/07\/Migrantes-IOAM.png","jetpack_sharing_enabled":true,"_links":{"self":[{"href":"https:\/\/zonaroja.com.mx\/index.php?rest_route=\/wp\/v2\/posts\/23206","targetHints":{"allow":["GET"]}}],"collection":[{"href":"https:\/\/zonaroja.com.mx\/index.php?rest_route=\/wp\/v2\/posts"}],"about":[{"href":"https:\/\/zonaroja.com.mx\/index.php?rest_route=\/wp\/v2\/types\/post"}],"author":[{"embeddable":true,"href":"https:\/\/zonaroja.com.mx\/index.php?rest_route=\/wp\/v2\/users\/2"}],"replies":[{"embeddable":true,"href":"https:\/\/zonaroja.com.mx\/index.php?rest_route=%2Fwp%2Fv2%2Fcomments&post=23206"}],"version-history":[{"count":1,"href":"https:\/\/zonaroja.com.mx\/index.php?rest_route=\/wp\/v2\/posts\/23206\/revisions"}],"predecessor-version":[{"id":23207,"href":"https:\/\/zonaroja.com.mx\/index.php?rest_route=\/wp\/v2\/posts\/23206\/revisions\/23207"}],"wp:featuredmedia":[{"embeddable":true,"href":"https:\/\/zonaroja.com.mx\/index.php?rest_route=\/wp\/v2\/media\/14995"}],"wp:attachment":[{"href":"https:\/\/zonaroja.com.mx\/index.php?rest_route=%2Fwp%2Fv2%2Fmedia&parent=23206"}],"wp:term":[{"taxonomy":"category","embeddable":true,"href":"https:\/\/zonaroja.com.mx\/index.php?rest_route=%2Fwp%2Fv2%2Fcategories&post=23206"},{"taxonomy":"post_tag","embeddable":true,"href":"https:\/\/zonaroja.com.mx\/index.php?rest_route=%2Fwp%2Fv2%2Ftags&post=23206"}],"curies":[{"name":"wp","href":"https:\/\/api.w.org\/{rel}","templated":true}]}}