{"id":23208,"date":"2021-02-04T11:54:02","date_gmt":"2021-02-04T17:54:02","guid":{"rendered":"http:\/\/www.zonaroja.com.mx\/?p=23208"},"modified":"2021-02-04T16:04:45","modified_gmt":"2021-02-04T22:04:45","slug":"cesa-guerreros-de-oaxaca-a-colaborador-por-accidente-mortal-del-que-trato-de-huir","status":"publish","type":"post","link":"https:\/\/zonaroja.com.mx\/?p=23208","title":{"rendered":"Cesa Guerreros de Oaxaca a colaborador, por accidente mortal del que trat\u00f3 de huir"},"content":{"rendered":"\n<p>Yuridiana Sosa\/Zona Roja.<\/p>\n\n\n\n<p>Oaxaca de Ju\u00e1rez, Oax., 4 de febrero de 2021.- El Club de B\u00e9isbol Guerrero de Oaxaca anunci\u00f3 la destituci\u00f3n de Rogelio Orva\u00f1anos Z\u00e1rate como Gerente de Mercadotecnia, luego de verse involucrado en un accidente automovil\u00edstico el pasado 29 de enero, en el que una persona falleci\u00f3.<\/p>\n\n\n\n<p>El corporativo emiti\u00f3 un breve comunicado en el que afirm\u00f3:<\/p>\n\n\n\n<p>\u201cDicha situaci\u00f3n no refleja los valores y conductas propias de nuestro club y por eso, se tom\u00f3 la decisi\u00f3n de rescindir el contrato laboral del Lic. Orva\u00f1anos dentro de nuestra organizaci\u00f3n\u201d.<\/p>\n\n\n\n<p>Guerreros Oaxaca lament\u00f3 el accidente y apunt\u00f3 que debido a que el caso sigue un proceso legal en curso entre las partes involucradas, el club \u201cno ha intervenido ni comentar\u00e1 nada m\u00e1s sobre el asunto\u201d.<\/p>\n\n\n\n<p>De acuerdo con el reporte policial acerca del accidente del pasado 29 de enero, sobre avenida Universidad en la capital del estado, el presunto responsable identificado como Rogelio O. Z., de 35 a\u00f1os de edad, conduc\u00eda en aparente estado de ebriedad una camioneta marca Renault.<\/p>\n\n\n\n<p>El hombre trat\u00f3 de darse a la fuga, pero algunos ciudadanos que presenciaron el hecho lo lograron detener para entregarlo a los cuerpos policiales y ser puesto a disposici\u00f3n del Ministerio P\u00fablico.<\/p>\n\n\n\n<p>En el accidente perdi\u00f3 la vida un joven de 25 a\u00f1os de edad, identificado como Luis Miguel M. G., quien conduc\u00eda a bordo de una motocicleta. En el percance estuvieron involucrados dos autom\u00f3viles y dos motocicletas.<\/p>\n","protected":false},"excerpt":{"rendered":"<p>Yuridiana Sosa\/Zona Roja. Oaxaca de Ju\u00e1rez, Oax., 4 de febrero de 2021.- El Club de&hellip;<\/p>\n","protected":false},"author":2,"featured_media":23209,"comment_status":"closed","ping_status":"open","sticky":false,"template":"","format":"standard","meta":{"_lmt_disableupdate":"","_lmt_disable":"","_jetpack_memberships_contains_paid_content":false,"footnotes":""},"categories":[1],"tags":[],"class_list":["post-23208","post","type-post","status-publish","format-standard","has-post-thumbnail","hentry","category-sin-categoria"],"jetpack_featured_media_url":"https:\/\/zonaroja.com.mx\/wp-content\/uploads\/2021\/02\/Accidente-Guerreros.jpg","jetpack_sharing_enabled":true,"_links":{"self":[{"href":"https:\/\/zonaroja.com.mx\/index.php?rest_route=\/wp\/v2\/posts\/23208","targetHints":{"allow":["GET"]}}],"collection":[{"href":"https:\/\/zonaroja.com.mx\/index.php?rest_route=\/wp\/v2\/posts"}],"about":[{"href":"https:\/\/zonaroja.com.mx\/index.php?rest_route=\/wp\/v2\/types\/post"}],"author":[{"embeddable":true,"href":"https:\/\/zonaroja.com.mx\/index.php?rest_route=\/wp\/v2\/users\/2"}],"replies":[{"embeddable":true,"href":"https:\/\/zonaroja.com.mx\/index.php?rest_route=%2Fwp%2Fv2%2Fcomments&post=23208"}],"version-history":[{"count":1,"href":"https:\/\/zonaroja.com.mx\/index.php?rest_route=\/wp\/v2\/posts\/23208\/revisions"}],"predecessor-version":[{"id":23210,"href":"https:\/\/zonaroja.com.mx\/index.php?rest_route=\/wp\/v2\/posts\/23208\/revisions\/23210"}],"wp:featuredmedia":[{"embeddable":true,"href":"https:\/\/zonaroja.com.mx\/index.php?rest_route=\/wp\/v2\/media\/23209"}],"wp:attachment":[{"href":"https:\/\/zonaroja.com.mx\/index.php?rest_route=%2Fwp%2Fv2%2Fmedia&parent=23208"}],"wp:term":[{"taxonomy":"category","embeddable":true,"href":"https:\/\/zonaroja.com.mx\/index.php?rest_route=%2Fwp%2Fv2%2Fcategories&post=23208"},{"taxonomy":"post_tag","embeddable":true,"href":"https:\/\/zonaroja.com.mx\/index.php?rest_route=%2Fwp%2Fv2%2Ftags&post=23208"}],"curies":[{"name":"wp","href":"https:\/\/api.w.org\/{rel}","templated":true}]}}