{"id":23218,"date":"2021-02-04T18:40:10","date_gmt":"2021-02-05T00:40:10","guid":{"rendered":"http:\/\/www.zonaroja.com.mx\/?p=23218"},"modified":"2021-02-04T19:07:38","modified_gmt":"2021-02-05T01:07:38","slug":"era-profesora-una-de-las-dos-asesinadas-ayer-en-oaxaca-seccion-22-exige-justicia","status":"publish","type":"post","link":"https:\/\/zonaroja.com.mx\/?p=23218","title":{"rendered":"Era profesora una de las dos asesinadas ayer en Oaxaca; Secci\u00f3n 22 exige justicia"},"content":{"rendered":"\n<p>Yuridiana Sosa\/Zona Roja.<\/p>\n\n\n\n<p>Oaxaca de Ju\u00e1rez, Oax., 4 de febrero de 2021.-Un sector de la Secci\u00f3n 22 del Sindicato Nacional de Trabajadores de la Educaci\u00f3n (SNTE) exigi\u00f3 a la Fiscal\u00eda General de Oaxaca, justicia por el doble asesinato de mujeres ocurrido este 3 de febrero en Ocotl\u00e1n de Morales, donde una de sus agremiadas perdi\u00f3 la vida.<\/p>\n\n\n\n<p>\u201c\u00a1No a la ola de violencia e inseguridad en Oaxaca!\u201d \u201c\u00a1No al feminicidio!\u201d, demand\u00f3 la gremial en su comunicado emitido este jueves, a trav\u00e9s del cual pide al Gobierno del Estado esclarecimiento del crimen y castigo a los autores intelectuales y materiales del hecho.<\/p>\n\n\n\n<p>Las v\u00edctimas fueron identificadas como Antonia Bernarda Ram\u00edrez D\u00edaz y Rosa Isela Leyva Mendoza, esta \u00faltima profesora del nivel de Educaci\u00f3n Preescolar, adscrita a la zona escolar 03, Delegaci\u00f3n Sindical D \u2013I- 235, del Sector Centro de la Secci\u00f3n 22 del SNTE.<\/p>\n\n\n\n<p>El doble feminicidio, apunt\u00f3 la gremial, se registra en medio de una ola de violencia e inseguridad en toda la entidad, como parte de la inacci\u00f3n del gobierno estatal actual a cargo del gobernador Alejandro Murat Hinojosa.<\/p>\n\n\n\n<figure class=\"wp-block-image size-large\"><img decoding=\"async\" width=\"791\" height=\"1024\" src=\"http:\/\/www.zonaroja.com.mx\/wp-content\/uploads\/2021\/02\/Comunicado-Seccion-22.jpg\" alt=\"\" class=\"wp-image-23220\" srcset=\"https:\/\/zonaroja.com.mx\/wp-content\/uploads\/2021\/02\/Comunicado-Seccion-22.jpg 791w, https:\/\/zonaroja.com.mx\/wp-content\/uploads\/2021\/02\/Comunicado-Seccion-22-232x300.jpg 232w, https:\/\/zonaroja.com.mx\/wp-content\/uploads\/2021\/02\/Comunicado-Seccion-22-768x994.jpg 768w, https:\/\/zonaroja.com.mx\/wp-content\/uploads\/2021\/02\/Comunicado-Seccion-22-585x757.jpg 585w\" sizes=\"(max-width: 791px) 100vw, 791px\" \/><\/figure>\n\n\n\n<p>El crimen se registr\u00f3 minutos antes de las 15:00 horas cerca de la carretera federal 175, Oaxaca-Puerto \u00c1ngel, entronque con la supercarretera, a la altura de un balneario.<\/p>\n\n\n\n<p>Hecho por el que la Fiscal\u00eda General del Estado de Oaxaca inform\u00f3 abri\u00f3 una Carpeta de Investigaci\u00f3n, sin detallar si lo hace bajo la perspectiva de g\u00e9nero. <\/p>\n\n\n\n<p>As\u00ed tambi\u00e9n, se inform\u00f3 que el hecho puede estar relacionado a una presunta disputa de terrenos y una probable venganza, pues recientemente asesinaron a dos personas en la zona.<\/p>\n\n\n\n<p>De acuerdo al recuento de la organizaci\u00f3n Consorcio Oaxaca, con estos casos se suman 11 feminicidios en lo que va del 2021 y 497 en el transcurso de la administraci\u00f3n estatal actual.<\/p>\n","protected":false},"excerpt":{"rendered":"<p>Yuridiana Sosa\/Zona Roja. Oaxaca de Ju\u00e1rez, Oax., 4 de febrero de 2021.-Un sector de la&hellip;<\/p>\n","protected":false},"author":2,"featured_media":23222,"comment_status":"closed","ping_status":"open","sticky":false,"template":"","format":"standard","meta":{"_lmt_disableupdate":"","_lmt_disable":"","_jetpack_memberships_contains_paid_content":false,"footnotes":""},"categories":[109,47],"tags":[2424],"class_list":["post-23218","post","type-post","status-publish","format-standard","has-post-thumbnail","hentry","category-minuto-a-minuto","category-zona-gris","tag-feminicidios-ocotlan"],"jetpack_featured_media_url":"https:\/\/zonaroja.com.mx\/wp-content\/uploads\/2021\/02\/Ejecutadas-Ocotlan.png","jetpack_sharing_enabled":true,"_links":{"self":[{"href":"https:\/\/zonaroja.com.mx\/index.php?rest_route=\/wp\/v2\/posts\/23218","targetHints":{"allow":["GET"]}}],"collection":[{"href":"https:\/\/zonaroja.com.mx\/index.php?rest_route=\/wp\/v2\/posts"}],"about":[{"href":"https:\/\/zonaroja.com.mx\/index.php?rest_route=\/wp\/v2\/types\/post"}],"author":[{"embeddable":true,"href":"https:\/\/zonaroja.com.mx\/index.php?rest_route=\/wp\/v2\/users\/2"}],"replies":[{"embeddable":true,"href":"https:\/\/zonaroja.com.mx\/index.php?rest_route=%2Fwp%2Fv2%2Fcomments&post=23218"}],"version-history":[{"count":2,"href":"https:\/\/zonaroja.com.mx\/index.php?rest_route=\/wp\/v2\/posts\/23218\/revisions"}],"predecessor-version":[{"id":23221,"href":"https:\/\/zonaroja.com.mx\/index.php?rest_route=\/wp\/v2\/posts\/23218\/revisions\/23221"}],"wp:featuredmedia":[{"embeddable":true,"href":"https:\/\/zonaroja.com.mx\/index.php?rest_route=\/wp\/v2\/media\/23222"}],"wp:attachment":[{"href":"https:\/\/zonaroja.com.mx\/index.php?rest_route=%2Fwp%2Fv2%2Fmedia&parent=23218"}],"wp:term":[{"taxonomy":"category","embeddable":true,"href":"https:\/\/zonaroja.com.mx\/index.php?rest_route=%2Fwp%2Fv2%2Fcategories&post=23218"},{"taxonomy":"post_tag","embeddable":true,"href":"https:\/\/zonaroja.com.mx\/index.php?rest_route=%2Fwp%2Fv2%2Ftags&post=23218"}],"curies":[{"name":"wp","href":"https:\/\/api.w.org\/{rel}","templated":true}]}}