{"id":2322,"date":"2019-07-17T08:25:15","date_gmt":"2019-07-17T13:25:15","guid":{"rendered":"http:\/\/www.zonaroja.com.mx\/?p=2322"},"modified":"2019-07-17T08:25:17","modified_gmt":"2019-07-17T13:25:17","slug":"mantienen-exigencia-de-aparicion-con-vida-de-jovenes-triquis","status":"publish","type":"post","link":"https:\/\/zonaroja.com.mx\/?p=2322","title":{"rendered":"Mantienen exigencia de aparici\u00f3n con vida de j\u00f3venes triquis"},"content":{"rendered":"\n<p>Evlin Arag\u00f3n<\/p>\n\n\n\n<p>Oaxaca de\nJu\u00e1rez, Oax., 17 de julio de 2019.- Familiares de Daniela y Virginia Ortiz\nRam\u00edrez, desaparecidas hace 12 a\u00f1os, denunciaron a la Fiscal\u00eda General del\nEstado de Oaxaca de omisi\u00f3n en la b\u00fasqueda de las j\u00f3venes originarias de la\netnia triqui, cuyo \u00fanico delito fue luchar al lado de su pueblo. <\/p>\n\n\n\n<p>As\u00ed lo\ndieron a conocer a trav\u00e9s de un reciente comunicado dirigido a la opini\u00f3n p\u00fablica,\nen el que expusieron que adem\u00e1s de omisi\u00f3n, la autoridad encargada de la\nprocuraci\u00f3n de justicia se burla del dolor de la familia al prometer dar\nseguimiento a la b\u00fasqueda y no cumplir con ello.<\/p>\n\n\n\n<p>\u201cEl actual\nfiscal de justicia en Oaxaca sigue durmiendo en los placeres de la flojera y la\ninacci\u00f3n, mientras la violencia crece sin medida; solo sale a las conferencias\na tratar de limpiar una imagen que ha sido manchada por la incapacidad para\nllevar su cargo\u201d, manifiestan en el escrito. <\/p>\n\n\n\n<p>Explicaron\nque desde el 2013 las autoridades se comprometieron a solicitar a sus colegas\nde Veracruz una cuerda especial para bajar a la barranca en donde supuestamente\nse encuentran los cuerpos de las j\u00f3venes desaparecidas, sin embargo, a seis\na\u00f1os dicha acci\u00f3n no se ha consolidado. <\/p>\n\n\n\n<p>Lamentaron\nque ni con el arranque de la Cuarta Transformaci\u00f3n la procuraci\u00f3n de justicia\nmejore y por el contrario se sigan encubriendo las pr\u00e1cticas deshonestas del\nr\u00e9gimen neoliberal, dejando de lado a las v\u00edctimas de desaparici\u00f3n forzada y\nrepresi\u00f3n. <\/p>\n\n\n\n<p>\u201cEl comit\u00e9\nSi no est\u00e1n ellas\u2026no estamos todas eleva su m\u00e1s en\u00e9rgica protesta por el olvido\nen que tienen los expedientes de los miles de casos que los llevan a los\nrincones oscuros, h\u00famedos y polvorientos del olvido y la impunidad\u201d, refieren <\/p>\n\n\n\n<p>Finalmente\nexigieron a las autoridades que dejen su flojera y asuman su papel para\npresentar de forma inmediata y con vida a Daniela y Virginia Ortiz Ram\u00edrez\ndesaparecidas el 5 de julio del 2007 en la zona Triqui.<\/p>\n","protected":false},"excerpt":{"rendered":"<p>Evlin Arag\u00f3n Oaxaca de Ju\u00e1rez, Oax., 17 de julio de 2019.- Familiares de Daniela y&hellip;<\/p>\n","protected":false},"author":2,"featured_media":2323,"comment_status":"closed","ping_status":"open","sticky":false,"template":"","format":"standard","meta":{"_lmt_disableupdate":"","_lmt_disable":"","_jetpack_memberships_contains_paid_content":false,"footnotes":""},"categories":[109,47],"tags":[357],"class_list":["post-2322","post","type-post","status-publish","format-standard","has-post-thumbnail","hentry","category-minuto-a-minuto","category-zona-gris","tag-jovenes-triquis-desaparecidas-daniela-y-virginia"],"jetpack_featured_media_url":"https:\/\/zonaroja.com.mx\/wp-content\/uploads\/2019\/07\/0939c1a8-6ae1-4323-96fc-8c2ae41e539b.jpg","jetpack_sharing_enabled":true,"_links":{"self":[{"href":"https:\/\/zonaroja.com.mx\/index.php?rest_route=\/wp\/v2\/posts\/2322","targetHints":{"allow":["GET"]}}],"collection":[{"href":"https:\/\/zonaroja.com.mx\/index.php?rest_route=\/wp\/v2\/posts"}],"about":[{"href":"https:\/\/zonaroja.com.mx\/index.php?rest_route=\/wp\/v2\/types\/post"}],"author":[{"embeddable":true,"href":"https:\/\/zonaroja.com.mx\/index.php?rest_route=\/wp\/v2\/users\/2"}],"replies":[{"embeddable":true,"href":"https:\/\/zonaroja.com.mx\/index.php?rest_route=%2Fwp%2Fv2%2Fcomments&post=2322"}],"version-history":[{"count":1,"href":"https:\/\/zonaroja.com.mx\/index.php?rest_route=\/wp\/v2\/posts\/2322\/revisions"}],"predecessor-version":[{"id":2324,"href":"https:\/\/zonaroja.com.mx\/index.php?rest_route=\/wp\/v2\/posts\/2322\/revisions\/2324"}],"wp:featuredmedia":[{"embeddable":true,"href":"https:\/\/zonaroja.com.mx\/index.php?rest_route=\/wp\/v2\/media\/2323"}],"wp:attachment":[{"href":"https:\/\/zonaroja.com.mx\/index.php?rest_route=%2Fwp%2Fv2%2Fmedia&parent=2322"}],"wp:term":[{"taxonomy":"category","embeddable":true,"href":"https:\/\/zonaroja.com.mx\/index.php?rest_route=%2Fwp%2Fv2%2Fcategories&post=2322"},{"taxonomy":"post_tag","embeddable":true,"href":"https:\/\/zonaroja.com.mx\/index.php?rest_route=%2Fwp%2Fv2%2Ftags&post=2322"}],"curies":[{"name":"wp","href":"https:\/\/api.w.org\/{rel}","templated":true}]}}