{"id":23223,"date":"2021-02-04T20:06:10","date_gmt":"2021-02-05T02:06:10","guid":{"rendered":"http:\/\/www.zonaroja.com.mx\/?p=23223"},"modified":"2021-02-04T20:06:13","modified_gmt":"2021-02-05T02:06:13","slug":"llega-encinas-a-oaxaca-pero-no-acude-a-zona-triqui-en-cdmx-siguen-protestas","status":"publish","type":"post","link":"https:\/\/zonaroja.com.mx\/?p=23223","title":{"rendered":"Llega Encinas a Oaxaca\u2026 pero no acude a zona Triqui; en Cdmx siguen protestas"},"content":{"rendered":"\n<p>Yuridiana Sosa\/Zona Roja.<\/p>\n\n\n\n<p>Oaxaca de Ju\u00e1rez, Oax., 4 de febrero de 2021.- Integrantes del Movimiento de Unificaci\u00f3n y Lucha Triqui Independiente (MULTI) mantienen su exigencia de justicia por los actos violentos contra Tierra Blanca Copala, de la regi\u00f3n Mixteca de Oaxaca, con manifestaciones en la Ciudad de M\u00e9xico.<\/p>\n\n\n\n<p>En tanto, el subsecretario de la Secretar\u00eda de Gobernaci\u00f3n (Segob), Alejandro Encinas, lleg\u00f3 desde ayer a Oaxaca pero hasta esta noche, no se tiene confirmada su visita a la zona Triqui de la entidad y \u00fanicamente ha tenido reuniones en la capital con representantes del gobierno estatal.<\/p>\n\n\n\n<p>Mujeres y hombres ind\u00edgenas de la zona ind\u00edgena Triqui marcharon este 3 de febrero en la capital del pa\u00eds ante la demora de la atenci\u00f3n del gobierno federal para atender la crisis de las familias desplazadas de dicha comunidad a Yosoyuxi Copala, en refugio de los hechos violentos del que son v\u00edctimas.<\/p>\n\n\n\n<p>Desde el pasado 31 de enero, la organizaci\u00f3n instal\u00f3 un campamento en la avenida Ju\u00e1rez y Eje Central de la Ciudad de M\u00e9xico, pero ni eso les ha valido para que la comunidad desplazada reciba ayuda, as\u00ed como acelerar la visita del subsecretario de Derechos Humanos de la Secretar\u00eda de Gobernaci\u00f3n, Alejandro Encinas, a la zona afectada.<\/p>\n\n\n\n<figure class=\"wp-block-embed-twitter wp-block-embed is-type-rich is-provider-twitter\"><div class=\"wp-block-embed__wrapper\">\n<div class=\"twitter-tweet\"><blockquote class=\"twitter-tweet\" data-lang=\"es\"><p lang=\"es\" dir=\"ltr\">Marcha en cdmx a favor de las victimas de desplazamiento forzado de <a href=\"https:\/\/twitter.com\/hashtag\/TierraBlanca?src=hash&amp;ref_src=twsrc%5Etfw\">#TierraBlanca<\/a>. Para qu\u00e9 el gobierno federal de celeridad y respuesta a los compromisos asumidos. <a href=\"https:\/\/twitter.com\/contralinea?ref_src=twsrc%5Etfw\">@contralinea<\/a> <a href=\"https:\/\/twitter.com\/SEGEGO_GobOax?ref_src=twsrc%5Etfw\">@SEGEGO_GobOax<\/a> <a href=\"https:\/\/twitter.com\/alejandromurat?ref_src=twsrc%5Etfw\">@alejandromurat<\/a> <a href=\"https:\/\/twitter.com\/M_OlgaSCordero?ref_src=twsrc%5Etfw\">@M_OlgaSCordero<\/a> <a href=\"https:\/\/twitter.com\/Fridaguerrera?ref_src=twsrc%5Etfw\">@Fridaguerrera<\/a> <a href=\"https:\/\/twitter.com\/julioastillero?ref_src=twsrc%5Etfw\">@julioastillero<\/a> <a href=\"https:\/\/twitter.com\/A_Encinas_R?ref_src=twsrc%5Etfw\">@A_Encinas_R<\/a> <a href=\"https:\/\/t.co\/zhLadkvCI1\">pic.twitter.com\/zhLadkvCI1<\/a><\/p>&mdash; MULTI (@MULTI_Oficial1) <a href=\"https:\/\/twitter.com\/MULTI_Oficial1\/status\/1357030241248575489?ref_src=twsrc%5Etfw\">3 de febrero de 2021<\/a><\/blockquote><\/div>\n<\/div><\/figure>\n\n\n\n<p>A trav\u00e9s de su cuenta de Twitter, la activista y defensora de derechos, Frida Guerra -quien adem\u00e1s denunci\u00f3 y atestigu\u00f3 el desplazamiento Triqui- denunci\u00f3 que hasta hoy el funcionario federal no hab\u00eda llegado a Yosoyuxi.<\/p>\n\n\n\n<p>El pasado 29 de enero Alejandro Encinas anunci\u00f3 que estar\u00eda esta semana en la comunidad ind\u00edgena triqui para comenzar el proceso de la conciliaci\u00f3n y paz en la zona.<\/p>\n\n\n\n<p>\u201cY las horas pasan y ellas siguen sin ser visitadas en Yosoyuxi. Ojal\u00e1 no quede en promesa. Ya ma\u00f1ana es jueves y la semana se acaba\u201d, public\u00f3 la activista en su cuenta.<\/p>\n\n\n\n<p>Por su parte, el MULTI tambi\u00e9n poste\u00f3 este jueves: \u201c\u00bfSer\u00e1 que Alejandro Encinas va a actuar de acuerdo a las demandas de las v\u00edctimas o de acuerdo a las demandas de los asesinos del MULT? \u00bfQui\u00e9n valdr\u00e1 m\u00e1s para el subsecretario, las v\u00edctimas o una organizaci\u00f3n criminal?\u201d.<\/p>\n\n\n\n<p>En tanto, la demanda de la organizaci\u00f3n contin\u00faa en la Ciudad de M\u00e9xico y en Oaxaca.<\/p>\n\n\n\n<figure class=\"wp-block-embed-twitter wp-block-embed is-type-rich is-provider-twitter\"><div class=\"wp-block-embed__wrapper\">\n<div class=\"twitter-tweet\"><blockquote class=\"twitter-tweet\" data-lang=\"es\"><p lang=\"es\" dir=\"ltr\">Y las horas pasan y ellas siguen sin ser visitadas en <a href=\"https:\/\/twitter.com\/hashtag\/Yosoyuxi?src=hash&amp;ref_src=twsrc%5Etfw\">#Yosoyuxi<\/a> Ojal\u00e1 no quede en promesa. Ya ma\u00f1ana es jueves y la semana se acaba. <a href=\"https:\/\/twitter.com\/hashtag\/ComunidadesTriquisDesplazadas?src=hash&amp;ref_src=twsrc%5Etfw\">#ComunidadesTriquisDesplazadas<\/a> <a href=\"https:\/\/t.co\/6BlrOVSPgG\">https:\/\/t.co\/6BlrOVSPgG<\/a><\/p>&mdash; Ver\u00f3nica Villalvazo (FridaGuerrera) #NiUnaM\u00e1s (@Fridaguerrera) <a href=\"https:\/\/twitter.com\/Fridaguerrera\/status\/1357154996975001605?ref_src=twsrc%5Etfw\">4 de febrero de 2021<\/a><\/blockquote><\/div>\n<\/div><\/figure>\n","protected":false},"excerpt":{"rendered":"<p>Yuridiana Sosa\/Zona Roja. Oaxaca de Ju\u00e1rez, Oax., 4 de febrero de 2021.- Integrantes del Movimiento&hellip;<\/p>\n","protected":false},"author":2,"featured_media":23224,"comment_status":"closed","ping_status":"open","sticky":false,"template":"","format":"standard","meta":{"_lmt_disableupdate":"","_lmt_disable":"","_jetpack_memberships_contains_paid_content":false,"footnotes":""},"categories":[109,47],"tags":[1712],"class_list":["post-23223","post","type-post","status-publish","format-standard","has-post-thumbnail","hentry","category-minuto-a-minuto","category-zona-gris","tag-tierra-blanca-copala"],"jetpack_featured_media_url":"https:\/\/zonaroja.com.mx\/wp-content\/uploads\/2021\/02\/Triquis-Copala-en-Cdmx.jpg","jetpack_sharing_enabled":true,"_links":{"self":[{"href":"https:\/\/zonaroja.com.mx\/index.php?rest_route=\/wp\/v2\/posts\/23223","targetHints":{"allow":["GET"]}}],"collection":[{"href":"https:\/\/zonaroja.com.mx\/index.php?rest_route=\/wp\/v2\/posts"}],"about":[{"href":"https:\/\/zonaroja.com.mx\/index.php?rest_route=\/wp\/v2\/types\/post"}],"author":[{"embeddable":true,"href":"https:\/\/zonaroja.com.mx\/index.php?rest_route=\/wp\/v2\/users\/2"}],"replies":[{"embeddable":true,"href":"https:\/\/zonaroja.com.mx\/index.php?rest_route=%2Fwp%2Fv2%2Fcomments&post=23223"}],"version-history":[{"count":1,"href":"https:\/\/zonaroja.com.mx\/index.php?rest_route=\/wp\/v2\/posts\/23223\/revisions"}],"predecessor-version":[{"id":23225,"href":"https:\/\/zonaroja.com.mx\/index.php?rest_route=\/wp\/v2\/posts\/23223\/revisions\/23225"}],"wp:featuredmedia":[{"embeddable":true,"href":"https:\/\/zonaroja.com.mx\/index.php?rest_route=\/wp\/v2\/media\/23224"}],"wp:attachment":[{"href":"https:\/\/zonaroja.com.mx\/index.php?rest_route=%2Fwp%2Fv2%2Fmedia&parent=23223"}],"wp:term":[{"taxonomy":"category","embeddable":true,"href":"https:\/\/zonaroja.com.mx\/index.php?rest_route=%2Fwp%2Fv2%2Fcategories&post=23223"},{"taxonomy":"post_tag","embeddable":true,"href":"https:\/\/zonaroja.com.mx\/index.php?rest_route=%2Fwp%2Fv2%2Ftags&post=23223"}],"curies":[{"name":"wp","href":"https:\/\/api.w.org\/{rel}","templated":true}]}}