{"id":23229,"date":"2021-02-04T21:45:33","date_gmt":"2021-02-05T03:45:33","guid":{"rendered":"http:\/\/www.zonaroja.com.mx\/?p=23229"},"modified":"2021-02-04T21:58:46","modified_gmt":"2021-02-05T03:58:46","slug":"violento-asalto-en-tuxtepec-deja-a-una-mujer-herida-de-bala","status":"publish","type":"post","link":"https:\/\/zonaroja.com.mx\/?p=23229","title":{"rendered":"Violento asalto en Tuxtepec deja a una mujer herida de bala"},"content":{"rendered":"\n<p>Redacci\u00f3n\/Zona Roja.<\/p>\n\n\n\n<p>Oaxaca de Ju\u00e1rez, Oax., 4 de febrero de 2021.- En pleno centro del municipio de Tuxtepec, en la regi\u00f3n de la Cuenca de Oaxaca, se registr\u00f3 un asalto violento con uso de arma de fuego contra una mujer, quien result\u00f3 gravemente herida.<\/p>\n\n\n\n<p>El reporte policial indic\u00f3 que el hecho ocurri\u00f3 sobre la avenida Independencia, afuera de una tienda de ropa, alrededor de las 16:00, mientras la v\u00edctima caminaba en compa\u00f1\u00eda de sus dos menores hijos.<\/p>\n\n\n\n<p>De acuerdo con las autoridades, la mujer reci\u00e9n hab\u00eda retirado cerca de 30 mil pesos de una sucursal bancaria ubicada sobre esa misma vialidad, a menos de 100 metros de distancia.<\/p>\n\n\n\n<p>La v\u00edctima fue identificada como Diana V. S. L., de 27 a\u00f1os de edad, originaria del municipio de Tres Valles, Veracruz, ubicado a unos 20 kil\u00f3metros de Tuxtepec; fue atacada presuntamente por sujetos a bordo de una motocicleta.<\/p>\n\n\n\n<p>Ante las graves heridas recibidas la joven madre fue llevada de emergencia a una cl\u00ednica particular de Tuxtepec.<\/p>\n","protected":false},"excerpt":{"rendered":"<p>Redacci\u00f3n\/Zona Roja. Oaxaca de Ju\u00e1rez, Oax., 4 de febrero de 2021.- En pleno centro del&hellip;<\/p>\n","protected":false},"author":2,"featured_media":23234,"comment_status":"closed","ping_status":"open","sticky":false,"template":"","format":"standard","meta":{"_lmt_disableupdate":"","_lmt_disable":"","_jetpack_memberships_contains_paid_content":false,"footnotes":""},"categories":[109,47],"tags":[118],"class_list":["post-23229","post","type-post","status-publish","format-standard","has-post-thumbnail","hentry","category-minuto-a-minuto","category-zona-gris","tag-san-juan-bautista-tuxtepec"],"jetpack_featured_media_url":"https:\/\/zonaroja.com.mx\/wp-content\/uploads\/2021\/02\/Asalto-y-herida-Tuxtepec.jpg","jetpack_sharing_enabled":true,"_links":{"self":[{"href":"https:\/\/zonaroja.com.mx\/index.php?rest_route=\/wp\/v2\/posts\/23229","targetHints":{"allow":["GET"]}}],"collection":[{"href":"https:\/\/zonaroja.com.mx\/index.php?rest_route=\/wp\/v2\/posts"}],"about":[{"href":"https:\/\/zonaroja.com.mx\/index.php?rest_route=\/wp\/v2\/types\/post"}],"author":[{"embeddable":true,"href":"https:\/\/zonaroja.com.mx\/index.php?rest_route=\/wp\/v2\/users\/2"}],"replies":[{"embeddable":true,"href":"https:\/\/zonaroja.com.mx\/index.php?rest_route=%2Fwp%2Fv2%2Fcomments&post=23229"}],"version-history":[{"count":1,"href":"https:\/\/zonaroja.com.mx\/index.php?rest_route=\/wp\/v2\/posts\/23229\/revisions"}],"predecessor-version":[{"id":23230,"href":"https:\/\/zonaroja.com.mx\/index.php?rest_route=\/wp\/v2\/posts\/23229\/revisions\/23230"}],"wp:featuredmedia":[{"embeddable":true,"href":"https:\/\/zonaroja.com.mx\/index.php?rest_route=\/wp\/v2\/media\/23234"}],"wp:attachment":[{"href":"https:\/\/zonaroja.com.mx\/index.php?rest_route=%2Fwp%2Fv2%2Fmedia&parent=23229"}],"wp:term":[{"taxonomy":"category","embeddable":true,"href":"https:\/\/zonaroja.com.mx\/index.php?rest_route=%2Fwp%2Fv2%2Fcategories&post=23229"},{"taxonomy":"post_tag","embeddable":true,"href":"https:\/\/zonaroja.com.mx\/index.php?rest_route=%2Fwp%2Fv2%2Ftags&post=23229"}],"curies":[{"name":"wp","href":"https:\/\/api.w.org\/{rel}","templated":true}]}}