{"id":23237,"date":"2021-02-05T07:32:48","date_gmt":"2021-02-05T13:32:48","guid":{"rendered":"http:\/\/www.zonaroja.com.mx\/?p=23237"},"modified":"2021-02-05T07:32:51","modified_gmt":"2021-02-05T13:32:51","slug":"dan-prision-a-ex-gobernador-mario-marin-y-a-empresario-alonso-ancira","status":"publish","type":"post","link":"https:\/\/zonaroja.com.mx\/?p=23237","title":{"rendered":"Dan prisi\u00f3n a ex gobernador Mario Mar\u00edn y a empresario Alonso Ancira"},"content":{"rendered":"\n<p>Redacci\u00f3n\/Zona Roja.<\/p>\n\n\n\n<p>Oaxaca de Ju\u00e1rez, Oax., 5 de febrero de 2021.- En procesos distintos, autoridades judiciales dictaron prisi\u00f3n preventiva al ex gobernador de Puebla, Mario Mar\u00edn, y al empresario Alonso Ancira.<\/p>\n\n\n\n<p>Ayer durante su audiencia en el reclusorio de Canc\u00fan, Quintana Roo, Mario Mar\u00edn, detenido anteayer en Acapulco, Guerrero, se reserv\u00f3 su derecho a declarar tras conocer la acusaci\u00f3n que present\u00f3 en su contra la Fiscal\u00eda General de la Rep\u00fablica (FGR) como probable responsable del delito de tortura en agravio de la periodista Lydia Cacho.<\/p>\n\n\n\n<p>Funcionarios federales revelaron que la defensa de \u201cEl Gober Precioso\u201d solicit\u00f3 a un juez federal la duplicidad del t\u00e9rmino constitucional, que consta de 144 horas, para resolver su situaci\u00f3n jur\u00eddica.<\/p>\n\n\n\n<p>Durante la audiencia, Mario Mar\u00edn solicit\u00f3 al juez seguir su proceso en arraigo domiciliario debido a su edad y a un padecimiento en el ri\u00f1\u00f3n, as\u00ed como por la pandemia de covid-19, pero se la neg\u00f3, inform\u00f3 la organizaci\u00f3n Art\u00edculo 19.<\/p>\n\n\n\n<p>La FGR notific\u00f3 a Mario Mar\u00edn de que se le acusa por un delito grave, por lo que deber\u00e1 permanecer recluido en el Centro de Readaptaci\u00f3n Social de Canc\u00fan.<\/p>\n\n\n\n<p>El delito del que se le acusa est\u00e1 tipificado como grave y no alcanza libertad bajo cauci\u00f3n, por lo que fue trasladado a Canc\u00fan, Quintana Roo, para ser puesto a disposici\u00f3n de la autoridad judicial que lo requer\u00eda.&nbsp;<\/p>\n\n\n\n<p>El il\u00edcito del que se le acusa se remonta a 2005, cuando Lydia Cacho fue detenida en Canc\u00fan, por difamaci\u00f3n y calumnia tras la publicaci\u00f3n del libro \u201cLos demonios del ed\u00e9n\u201d, en el que ella se refiri\u00f3 a los empresarios Kamel Nacif y Jean Succar Kuri como integrantes de una red de prostituci\u00f3n y pederastia.&nbsp;<\/p>\n\n\n\n<p>LO HAB\u00cdAN EXCULPADO<\/p>\n\n\n\n<p>El caso de Lydia Cacho lleg\u00f3 a la Suprema Corte de Justicia de la Naci\u00f3n en 2006, donde se orden\u00f3 conformar una Comisi\u00f3n Investigadora; sin embargo, tras conocer la investigaci\u00f3n, el pleno se abstuvo de se\u00f1alar al gobernador como supuesto responsable de la violaci\u00f3n a las garant\u00edas individuales de la periodista, debido a que no se demostr\u00f3 la existencia de \u201cuna falta grave a sus derechos\u201d, en t\u00e9rminos del art\u00edculo 97 constitucional, motivo por el cual no era necesario un pronunciamiento sobre el caso, con lo que concluy\u00f3 el asunto.&nbsp;<\/p>\n\n\n\n<p>La Corte solo mencion\u00f3 que, si bien la Comisi\u00f3n Investigadora puso al descubierto algunos actos indebidos y violaci\u00f3n a las garant\u00edas individuales de la escritora, durante su traslado de Quintana Roo a Puebla, \u00e9stas no fueron graves, sino \u201cmenores\u201d, por lo que desech\u00f3 la existencia de un \u201cconcierto de autoridades\u201d para atentar contra Cacho.<\/p>\n\n\n\n<p>ANCIRA TAMBI\u00c9N<\/p>\n\n\n\n<p>Por otra parte, tambi\u00e9n ayer, un juez federal dict\u00f3 prisi\u00f3n preventiva justificada a Alonso Ancira, al considerar que existe el riesgo de que pueda darse a la fuga, raz\u00f3n por la que permanecer\u00e1 internado en el Reclusorio Norte a partir de ahora y por lo menos hasta que se defina su situaci\u00f3n jur\u00eddica.<\/p>\n\n\n\n<p>Artemio Z\u00fa\u00f1iga Mendoza, juez de control del Centro de Justicia Penal Federal en dicho centro penitenciario, dict\u00f3 la medida cautelar y acord\u00f3 celebrar el pr\u00f3ximo martes a las 10:00 horas, la audiencia en la que resolver\u00e1 si el empresario es vinculado o no a proceso por lavado de dinero.<\/p>\n\n\n\n<p>Tras concluir la audiencia inicial, a la 21:18 horas, el due\u00f1o de Altos Hornos de M\u00e9xico (AHMSA) ingres\u00f3 al interior del reclusorio por un acceso del recinto judicial.<\/p>\n","protected":false},"excerpt":{"rendered":"<p>Redacci\u00f3n\/Zona Roja. Oaxaca de Ju\u00e1rez, Oax., 5 de febrero de 2021.- En procesos distintos, autoridades&hellip;<\/p>\n","protected":false},"author":2,"featured_media":23238,"comment_status":"closed","ping_status":"open","sticky":false,"template":"","format":"standard","meta":{"_lmt_disableupdate":"","_lmt_disable":"","_jetpack_memberships_contains_paid_content":false,"footnotes":""},"categories":[109,47],"tags":[2426],"class_list":["post-23237","post","type-post","status-publish","format-standard","has-post-thumbnail","hentry","category-minuto-a-minuto","category-zona-gris","tag-mario-marin-torres"],"jetpack_featured_media_url":"https:\/\/zonaroja.com.mx\/wp-content\/uploads\/2021\/02\/Ancira-y-Mario-Marin.jpg","jetpack_sharing_enabled":true,"_links":{"self":[{"href":"https:\/\/zonaroja.com.mx\/index.php?rest_route=\/wp\/v2\/posts\/23237","targetHints":{"allow":["GET"]}}],"collection":[{"href":"https:\/\/zonaroja.com.mx\/index.php?rest_route=\/wp\/v2\/posts"}],"about":[{"href":"https:\/\/zonaroja.com.mx\/index.php?rest_route=\/wp\/v2\/types\/post"}],"author":[{"embeddable":true,"href":"https:\/\/zonaroja.com.mx\/index.php?rest_route=\/wp\/v2\/users\/2"}],"replies":[{"embeddable":true,"href":"https:\/\/zonaroja.com.mx\/index.php?rest_route=%2Fwp%2Fv2%2Fcomments&post=23237"}],"version-history":[{"count":1,"href":"https:\/\/zonaroja.com.mx\/index.php?rest_route=\/wp\/v2\/posts\/23237\/revisions"}],"predecessor-version":[{"id":23239,"href":"https:\/\/zonaroja.com.mx\/index.php?rest_route=\/wp\/v2\/posts\/23237\/revisions\/23239"}],"wp:featuredmedia":[{"embeddable":true,"href":"https:\/\/zonaroja.com.mx\/index.php?rest_route=\/wp\/v2\/media\/23238"}],"wp:attachment":[{"href":"https:\/\/zonaroja.com.mx\/index.php?rest_route=%2Fwp%2Fv2%2Fmedia&parent=23237"}],"wp:term":[{"taxonomy":"category","embeddable":true,"href":"https:\/\/zonaroja.com.mx\/index.php?rest_route=%2Fwp%2Fv2%2Fcategories&post=23237"},{"taxonomy":"post_tag","embeddable":true,"href":"https:\/\/zonaroja.com.mx\/index.php?rest_route=%2Fwp%2Fv2%2Ftags&post=23237"}],"curies":[{"name":"wp","href":"https:\/\/api.w.org\/{rel}","templated":true}]}}