{"id":23240,"date":"2021-02-05T07:49:36","date_gmt":"2021-02-05T13:49:36","guid":{"rendered":"http:\/\/www.zonaroja.com.mx\/?p=23240"},"modified":"2021-02-05T07:49:42","modified_gmt":"2021-02-05T13:49:42","slug":"denuncian-desaparicion-de-aspirante-a-edil-en-central-de-abasto-de-oaxaca","status":"publish","type":"post","link":"https:\/\/zonaroja.com.mx\/?p=23240","title":{"rendered":"Denuncian desaparici\u00f3n de aspirante a edil, en Central de Abasto de Oaxaca"},"content":{"rendered":"\n<p>Redacci\u00f3n\/Estado 20.<\/p>\n\n\n\n<p>Oaxaca de Ju\u00e1rez, Oax., 5 de febrero de 2021.- Eloy Hilario Ram\u00edrez Hern\u00e1ndez, aspirante a candidato independiente a presidente municipal de Oaxaca de Ju\u00e1rez, fue reportado como desaparecido desde el mi\u00e9rcoles, despu\u00e9s de haber enfrentado un presunto conflicto con locatarios en la administraci\u00f3n de la Central de Abasto.<\/p>\n\n\n\n<p>Lo anterior fue denunciado ayer p\u00fablicamente por su esposa Elvia Garc\u00eda Hern\u00e1ndez, quien asegur\u00f3 que despu\u00e9s de una ri\u00f1a al interior de la administraci\u00f3n de dicho mercado con locatarios y l\u00edderes de organizaciones de este mismo centro comercial popular, desapareci\u00f3.<\/p>\n\n\n\n<p>\u201cEstoy preocupada porque mi esposo no aparece desde el d\u00eda de ayer, quiero denunciar que ayer hubo una ri\u00f1a en la administraci\u00f3n del Mercado de Abasto con la se\u00f1ora Margarita Avenda\u00f1o su hija y otras se\u00f1oras, golpearon a mi esposo al interior de la administraci\u00f3n del mercado\u201d, denunci\u00f3.<\/p>\n\n\n\n<p>Garc\u00eda Hern\u00e1ndez acus\u00f3 de contubernio a las autoridades de esta administraci\u00f3n del mercado, toda vez que dijo que la fuerza p\u00fablica no fue llamada, el administrador no la llam\u00f3 para calmar los \u00e1nimos y tampoco dejaron que su esposo se resguardara ante la llegada de un grupo de cholos que lo quiso agredir, \u201cla polic\u00eda municipal no lo dej\u00f3 entrar a sus oficinas que tienen en la Central, eso me hace sospechar que hay contubernio.<\/p>\n\n\n\n<p>\u201cHasta donde s\u00e9, hubo amenazas de parte de las se\u00f1oras, la se\u00f1ora Margarita dijo que no se metieran con ella y a otra de mujer m\u00e1s de nombre Orqu\u00eddea lo iba acusar de violaci\u00f3n\u201d, abund\u00f3 en su denuncia la esposa de la v\u00edctima desaparecida.<\/p>\n\n\n\n<p>De toda esta situaci\u00f3n, Elvia Garc\u00eda Hern\u00e1ndez, responsabiliz\u00f3 directamente al presidente municipal, a Oswaldo Garc\u00eda Jarqu\u00edn de todos estos hechos, \u201crealmente lo responsabiliz\u00f3 porque \u00e9l no est\u00e1 al pendiente de lo que las personas que pone aqu\u00ed en la administraci\u00f3n est\u00e9n haciendo un trabajo correcto\u201d.<\/p>\n\n\n\n<p>De acuerdo con la denuncia de Garc\u00eda Hern\u00e1ndez el asunto deriv\u00f3 luego de que su esposo llevara un escrito a la administraci\u00f3n para solicitar la reubicaci\u00f3n temporal de algunos puestos comerciales a otra zona tras la petici\u00f3n de unos trabajos de drenaje que se van hacer en la zona del tianguis entre la puerta 15 y la puerta 13, explic\u00f3.<\/p>\n\n\n\n<p>\u201cLos compa\u00f1eros pues l\u00f3gico que no ten\u00edan la informaci\u00f3n correcta y les hab\u00eda dicho que al d\u00eda siguiente \u00f3sea para amanecer ayer ya no se iban abrir las puertas de esa \u00e1rea y que ellos ten\u00edan que cerrar sus negocios para poder escarbar\u201d, eso fue el motivo por el cual asegur\u00f3 acudieron a la administraci\u00f3n para solicitar la reubicaci\u00f3n de sus espacios.<\/p>\n\n\n\n<p>Y es que asegur\u00f3 que les informaron que los trabajos para realizar el drenaje tardar\u00edan al menos 45 d\u00edas y por eso ellos no quer\u00edan perder la venta y quer\u00edan que estos 40 locatarios fueran reubicados de manera temporal, eso es lo que mi esposo solicitaba, dijo Elvia Garc\u00eda.<\/p>\n\n\n\n<p>\u201cA m\u00ed preocupa la integridad de mi esposo, me preocupa su paradero no de nada de \u00e9l, \u00e9l no trae tel\u00e9fono porque en el forcejeo se le cay\u00f3 y la muchacha la hija de Margarita levant\u00f3 el tel\u00e9fono y ahora no tengo como comunicarme con \u00e9l.<\/p>\n\n\n\n<p>\u201cNadie me da raz\u00f3n de que lo hayan visto o que se haya comunicado para dar con el paradero de Eloy Hilario Ram\u00edrez Hern\u00e1ndez\u201d, aspirante a candidato independiente a presidente municipal de Oaxaca de Ju\u00e1rez, sus compa\u00f1eros le informaron que \u00e9l no se present\u00f3 a las actividades que ten\u00edan programadas el d\u00eda de ayer.<\/p>\n\n\n\n<p>Es por ello, pide a la opini\u00f3n p\u00fablica, a las autoridades correspondientes tomen cartas en el asunto.<\/p>\n","protected":false},"excerpt":{"rendered":"<p>Redacci\u00f3n\/Estado 20. Oaxaca de Ju\u00e1rez, Oax., 5 de febrero de 2021.- Eloy Hilario Ram\u00edrez Hern\u00e1ndez,&hellip;<\/p>\n","protected":false},"author":2,"featured_media":23241,"comment_status":"closed","ping_status":"open","sticky":false,"template":"","format":"standard","meta":{"_lmt_disableupdate":"","_lmt_disable":"","_jetpack_memberships_contains_paid_content":false,"footnotes":""},"categories":[109,47],"tags":[2427,148],"class_list":["post-23240","post","type-post","status-publish","format-standard","has-post-thumbnail","hentry","category-minuto-a-minuto","category-zona-gris","tag-eloy-hilario-ramirez-hernandez","tag-oaxaca-de-juarez"],"jetpack_featured_media_url":"https:\/\/zonaroja.com.mx\/wp-content\/uploads\/2021\/02\/Eloy-Hilario-Ramirez.jpg","jetpack_sharing_enabled":true,"_links":{"self":[{"href":"https:\/\/zonaroja.com.mx\/index.php?rest_route=\/wp\/v2\/posts\/23240","targetHints":{"allow":["GET"]}}],"collection":[{"href":"https:\/\/zonaroja.com.mx\/index.php?rest_route=\/wp\/v2\/posts"}],"about":[{"href":"https:\/\/zonaroja.com.mx\/index.php?rest_route=\/wp\/v2\/types\/post"}],"author":[{"embeddable":true,"href":"https:\/\/zonaroja.com.mx\/index.php?rest_route=\/wp\/v2\/users\/2"}],"replies":[{"embeddable":true,"href":"https:\/\/zonaroja.com.mx\/index.php?rest_route=%2Fwp%2Fv2%2Fcomments&post=23240"}],"version-history":[{"count":1,"href":"https:\/\/zonaroja.com.mx\/index.php?rest_route=\/wp\/v2\/posts\/23240\/revisions"}],"predecessor-version":[{"id":23242,"href":"https:\/\/zonaroja.com.mx\/index.php?rest_route=\/wp\/v2\/posts\/23240\/revisions\/23242"}],"wp:featuredmedia":[{"embeddable":true,"href":"https:\/\/zonaroja.com.mx\/index.php?rest_route=\/wp\/v2\/media\/23241"}],"wp:attachment":[{"href":"https:\/\/zonaroja.com.mx\/index.php?rest_route=%2Fwp%2Fv2%2Fmedia&parent=23240"}],"wp:term":[{"taxonomy":"category","embeddable":true,"href":"https:\/\/zonaroja.com.mx\/index.php?rest_route=%2Fwp%2Fv2%2Fcategories&post=23240"},{"taxonomy":"post_tag","embeddable":true,"href":"https:\/\/zonaroja.com.mx\/index.php?rest_route=%2Fwp%2Fv2%2Ftags&post=23240"}],"curies":[{"name":"wp","href":"https:\/\/api.w.org\/{rel}","templated":true}]}}