{"id":23246,"date":"2021-02-05T08:13:36","date_gmt":"2021-02-05T14:13:36","guid":{"rendered":"http:\/\/www.zonaroja.com.mx\/?p=23246"},"modified":"2021-02-05T08:13:40","modified_gmt":"2021-02-05T14:13:40","slug":"insiste-el-pan-municipal-que-quiere-su-propio-candidato-si-hay-coalicion","status":"publish","type":"post","link":"https:\/\/zonaroja.com.mx\/?p=23246","title":{"rendered":"Insiste el PAN municipal que quiere su propio candidato, si hay coalici\u00f3n"},"content":{"rendered":"\n<p>Redacci\u00f3n\/Zona Roja.<\/p>\n\n\n\n<p>Oaxaca de Ju\u00e1rez, Oax., 5 de febrero de 2021.- El Comit\u00e9 Municipal del Partido Acci\u00f3n Nacional en Oaxaca de Ju\u00e1rez sesion\u00f3 ayer y reiter\u00f3 que, en caso de ir en coalici\u00f3n con otros partidos pol\u00edticos, ser\u00eda con su candidato o candidata.<\/p>\n\n\n\n<p>La tarde de ayer se reunieron directivos estatales del instituto pol\u00edtico, con la presencia del coordinador general de las Mesas Pol\u00edticas, Juan Mendoza Reyes, y. Osvaldo Contreras V\u00e1zquez, delegado pol\u00edtico del Comit\u00e9 Ejecutivo Nacional del PAN en Oaxaca.<\/p>\n\n\n\n<p>En lo que fue la Cuarta Mesa Pol\u00edtica de la capital, se acord\u00f3 \u201csolicitar al Comit\u00e9 Ejecutivo Nacional del PAN que en caso de darse la candidatura com\u00fan con otras fuerzas pol\u00edticas, sea Acci\u00f3n Nacional quien encabece dicho proyecto\u201d.<\/p>\n\n\n\n<figure class=\"wp-block-embed-twitter wp-block-embed is-type-rich is-provider-twitter\"><div class=\"wp-block-embed__wrapper\">\n<div class=\"twitter-tweet\"><blockquote class=\"twitter-tweet\" data-lang=\"es\"><p lang=\"es\" dir=\"ltr\">Se realiz\u00f3 la Cuarta Mesa Pol\u00edtica de la capital en la que se acuerda solicitar al Comit\u00e9 Ejecutivo Nacional del PAN que en caso de darse la candidatura com\u00fan con otras fuerzas pol\u00edticas sea Acci\u00f3n Nacional quien encabece dicho proyecto.<a href=\"https:\/\/twitter.com\/hashtag\/SomosPAN?src=hash&amp;ref_src=twsrc%5Etfw\">#SomosPAN<\/a> <a href=\"https:\/\/t.co\/5SkpNVF0Kr\">pic.twitter.com\/5SkpNVF0Kr<\/a><\/p>&mdash; PAN OAXACA (@PANOaxaca) <a href=\"https:\/\/twitter.com\/PANOaxaca\/status\/1357497786279866368?ref_src=twsrc%5Etfw\">5 de febrero de 2021<\/a><\/blockquote><\/div>\n<\/div><\/figure>\n\n\n\n<p>En distintas ocasiones, el blanquiazul en la capital ha reiterado similar postura e incluso ha aseverado que cuenta con tres precandidatas, una de ellas Alejandra Garc\u00eda Morlan.<\/p>\n\n\n\n<p>A nivel nacional y en varios municipios, as\u00ed como en algunas diputaciones, el PAN mantiene acuerdos con el PRI y el PRD para ir en coalici\u00f3n o apoyar una candidatura conjunta para la capital del estado.<\/p>\n\n\n\n<p>En el caso del priismo, se prev\u00e9 que Javier Villaca\u00f1a Jim\u00e9nez sea su candidato; el PRD no ha emitido posturas a favor ni en contra.<\/p>\n\n\n\n<p>De no ceder el PAN, no habr\u00eda alianza de esos institutos pol\u00edticos para la alcald\u00eda de Oaxaca de Ju\u00e1rez.<\/p>\n","protected":false},"excerpt":{"rendered":"<p>Redacci\u00f3n\/Zona Roja. Oaxaca de Ju\u00e1rez, Oax., 5 de febrero de 2021.- El Comit\u00e9 Municipal del&hellip;<\/p>\n","protected":false},"author":2,"featured_media":23247,"comment_status":"closed","ping_status":"open","sticky":false,"template":"","format":"standard","meta":{"_lmt_disableupdate":"","_lmt_disable":"","_jetpack_memberships_contains_paid_content":false,"footnotes":""},"categories":[109,47],"tags":[2364],"class_list":["post-23246","post","type-post","status-publish","format-standard","has-post-thumbnail","hentry","category-minuto-a-minuto","category-zona-gris","tag-partido-accion-nacional-pan-oaxaca"],"jetpack_featured_media_url":"https:\/\/zonaroja.com.mx\/wp-content\/uploads\/2021\/02\/PAN-Oaxaca.jpg","jetpack_sharing_enabled":true,"_links":{"self":[{"href":"https:\/\/zonaroja.com.mx\/index.php?rest_route=\/wp\/v2\/posts\/23246","targetHints":{"allow":["GET"]}}],"collection":[{"href":"https:\/\/zonaroja.com.mx\/index.php?rest_route=\/wp\/v2\/posts"}],"about":[{"href":"https:\/\/zonaroja.com.mx\/index.php?rest_route=\/wp\/v2\/types\/post"}],"author":[{"embeddable":true,"href":"https:\/\/zonaroja.com.mx\/index.php?rest_route=\/wp\/v2\/users\/2"}],"replies":[{"embeddable":true,"href":"https:\/\/zonaroja.com.mx\/index.php?rest_route=%2Fwp%2Fv2%2Fcomments&post=23246"}],"version-history":[{"count":1,"href":"https:\/\/zonaroja.com.mx\/index.php?rest_route=\/wp\/v2\/posts\/23246\/revisions"}],"predecessor-version":[{"id":23248,"href":"https:\/\/zonaroja.com.mx\/index.php?rest_route=\/wp\/v2\/posts\/23246\/revisions\/23248"}],"wp:featuredmedia":[{"embeddable":true,"href":"https:\/\/zonaroja.com.mx\/index.php?rest_route=\/wp\/v2\/media\/23247"}],"wp:attachment":[{"href":"https:\/\/zonaroja.com.mx\/index.php?rest_route=%2Fwp%2Fv2%2Fmedia&parent=23246"}],"wp:term":[{"taxonomy":"category","embeddable":true,"href":"https:\/\/zonaroja.com.mx\/index.php?rest_route=%2Fwp%2Fv2%2Fcategories&post=23246"},{"taxonomy":"post_tag","embeddable":true,"href":"https:\/\/zonaroja.com.mx\/index.php?rest_route=%2Fwp%2Fv2%2Ftags&post=23246"}],"curies":[{"name":"wp","href":"https:\/\/api.w.org\/{rel}","templated":true}]}}