{"id":23249,"date":"2021-02-05T10:36:22","date_gmt":"2021-02-05T16:36:22","guid":{"rendered":"http:\/\/www.zonaroja.com.mx\/?p=23249"},"modified":"2021-02-05T10:36:26","modified_gmt":"2021-02-05T16:36:26","slug":"desnaturalizar-la-violencia-de-genero-el-reto-de-la-sociedad-actual-dieguabjo","status":"publish","type":"post","link":"https:\/\/zonaroja.com.mx\/?p=23249","title":{"rendered":"Desnaturalizar la violencia de g\u00e9nero, el reto de la sociedad actual: DiegUABJO"},"content":{"rendered":"\n<p>Evlin Arag\u00f3n\/Zona Roja.<\/p>\n\n\n\n<p>Oaxaca de Ju\u00e1rez, Oax., 5 de febrero de 2021.- Desnaturalizar y romper el mito de que los malos tratos y la violencia en contra de las mujeres es un asunto menor, com\u00fan e incluso natural, es el principal reto de las sociedades actuales, dado que a\u00fan existen sectores importantes que justifican las distintas agresiones que se registran por raz\u00f3n de g\u00e9nero.<\/p>\n\n\n\n<p>As\u00ed lo explic\u00f3 la titular de la Direcci\u00f3n de Equidad y G\u00e9nero de la Universidad Aut\u00f3noma \u201cBenito Ju\u00e1rez\u201d de Oaxaca (Dieg-UABJO), Yamille G\u00f3mez Hern\u00e1ndez, como parte de su participaci\u00f3n en el programa Foro UABJO, que se transmite por la Corporaci\u00f3n Oaxaque\u00f1a de Radio y Televisi\u00f3n (CORTV) y que esta semana abord\u00f3 el tema de la violencia de g\u00e9nero, con la presencia de la doctora Leticia Brise\u00f1o Mass.<\/p>\n\n\n\n<p>La funcionaria aclar\u00f3 que hay violencias como el acoso y el hostigamiento sexual al interior de los centros escolares que suelen ser tan recurrentes al grado que se asumen como normales y por tanto se espera que sean aguantadas en silencio por las mujeres, sin embargo, se trata de agresiones graves que derivan en afectaciones emocionales, psicol\u00f3gicas e incluso f\u00edsicas.&nbsp;<\/p>\n\n\n\n<p>\u201cNo tenemos que dejar pasar ese tipo de acciones, no tenemos que tolerarlas porque realmente no est\u00e1n afectando de manera emocional y psicol\u00f3gica, de hecho, pueden contribuir en la deserci\u00f3n escolar\u201d, dijo.<\/p>\n\n\n\n<p>Por ello insisti\u00f3 en la necesidad de desnaturalizar las agresiones de g\u00e9nero a nivel social, toda vez que las distintas justificaciones impactan en los altos niveles de impunidad hacia los delitos cometidos en contra de las mujeres y fomentan la repetici\u00f3n de los mismos.&nbsp;<\/p>\n\n\n\n<p>G\u00f3mez Hern\u00e1ndez explic\u00f3 que son muchos los tipos de violencia de g\u00e9nero, dentro de los que destac\u00f3: sexual, psicol\u00f3gica o emocional, econ\u00f3mica y patrimonial, f\u00edsica, y feminicida, as\u00ed como las modalidades laboral y docente, de salud, pol\u00edtica, digital, entre otras.\u00a0<\/p>\n\n\n\n<p>De ah\u00ed que, puntualiz\u00f3, sea a\u00fan necesaria la informaci\u00f3n constante, la sensibilizaci\u00f3n con respecto al tema para identificar, de primera cuenta, que las mujeres pueden ser v\u00edctimas de muchas formas y a partir de ah\u00ed plantear estrategias de prevenci\u00f3n, atenci\u00f3n y erradicaci\u00f3n.<\/p>\n\n\n\n<p>\u201cEn la universidad hemos impulsado acciones que tienen que ver con formaci\u00f3n, sensibilizaci\u00f3n, informaci\u00f3n mediante campa\u00f1as para identificar el acoso y el hostigamiento sexual, as\u00ed como para promover la corresponsabilidad en el espacio dom\u00e9stico, ferias que tienen que ver con los derechos sexuales y reproductivos, todo con la intenci\u00f3n de aproximar la informaci\u00f3n al estudiantado, personal docente y administrativo\u201d, dijo.&nbsp;<\/p>\n\n\n\n<p>EDUCAR Y REEDUCAR<\/p>\n\n\n\n<p>En el programa tambi\u00e9n estuvo presente la doctora Leticia Brise\u00f1o Mass, catedr\u00e1tica del Instituto de Ciencias de la Educaci\u00f3n de la UABJO, quien se\u00f1al\u00f3 que la Universidad, en general los espacios educativos, tienen un deber muy grande de educar y reeducar a varones y mujeres, de ah\u00ed la relevancia de contar con procesos formativos que promuevan la perspectiva de g\u00e9nero y el respecto a los derechos humanos.<\/p>\n\n\n\n<p>\u201cLos espacios donde se imparte educaci\u00f3n son naturales para poder educar a los varones, no es una lucha entre mujeres y hombres, es encontrar la forma para que estos \u00faltimos modifiquen sus actitudes y eviten ser parte de la violencia de g\u00e9nero\u201d, indic\u00f3.&nbsp;<\/p>\n\n\n\n<p>Destac\u00f3 que la m\u00e1xima casa de estudios ha impulsado la perspectiva de g\u00e9nero como un eje transversal, de ah\u00ed que exista un Protocolo para la Prevenci\u00f3n de la Violencia de G\u00e9nero y el Hostigamiento, con la intenci\u00f3n de pasar de la identificaci\u00f3n de la problem\u00e1tica a la atenci\u00f3n real de los casos que se registren al interior del centro educativo.&nbsp;<\/p>\n","protected":false},"excerpt":{"rendered":"<p>Evlin Arag\u00f3n\/Zona Roja. Oaxaca de Ju\u00e1rez, Oax., 5 de febrero de 2021.- Desnaturalizar y romper&hellip;<\/p>\n","protected":false},"author":2,"featured_media":23250,"comment_status":"closed","ping_status":"open","sticky":false,"template":"","format":"standard","meta":{"_lmt_disableupdate":"","_lmt_disable":"","_jetpack_memberships_contains_paid_content":false,"footnotes":""},"categories":[109,46],"tags":[755,2428],"class_list":["post-23249","post","type-post","status-publish","format-standard","has-post-thumbnail","hentry","category-minuto-a-minuto","category-zona-blanca","tag-direccion-de-equidad-y-genero-uabjo","tag-leticia-briseno-mass"],"jetpack_featured_media_url":"https:\/\/zonaroja.com.mx\/wp-content\/uploads\/2021\/02\/Dieg-UABJO-cortv.jpg","jetpack_sharing_enabled":true,"_links":{"self":[{"href":"https:\/\/zonaroja.com.mx\/index.php?rest_route=\/wp\/v2\/posts\/23249","targetHints":{"allow":["GET"]}}],"collection":[{"href":"https:\/\/zonaroja.com.mx\/index.php?rest_route=\/wp\/v2\/posts"}],"about":[{"href":"https:\/\/zonaroja.com.mx\/index.php?rest_route=\/wp\/v2\/types\/post"}],"author":[{"embeddable":true,"href":"https:\/\/zonaroja.com.mx\/index.php?rest_route=\/wp\/v2\/users\/2"}],"replies":[{"embeddable":true,"href":"https:\/\/zonaroja.com.mx\/index.php?rest_route=%2Fwp%2Fv2%2Fcomments&post=23249"}],"version-history":[{"count":1,"href":"https:\/\/zonaroja.com.mx\/index.php?rest_route=\/wp\/v2\/posts\/23249\/revisions"}],"predecessor-version":[{"id":23251,"href":"https:\/\/zonaroja.com.mx\/index.php?rest_route=\/wp\/v2\/posts\/23249\/revisions\/23251"}],"wp:featuredmedia":[{"embeddable":true,"href":"https:\/\/zonaroja.com.mx\/index.php?rest_route=\/wp\/v2\/media\/23250"}],"wp:attachment":[{"href":"https:\/\/zonaroja.com.mx\/index.php?rest_route=%2Fwp%2Fv2%2Fmedia&parent=23249"}],"wp:term":[{"taxonomy":"category","embeddable":true,"href":"https:\/\/zonaroja.com.mx\/index.php?rest_route=%2Fwp%2Fv2%2Fcategories&post=23249"},{"taxonomy":"post_tag","embeddable":true,"href":"https:\/\/zonaroja.com.mx\/index.php?rest_route=%2Fwp%2Fv2%2Ftags&post=23249"}],"curies":[{"name":"wp","href":"https:\/\/api.w.org\/{rel}","templated":true}]}}