{"id":23255,"date":"2021-02-05T15:50:01","date_gmt":"2021-02-05T21:50:01","guid":{"rendered":"http:\/\/www.zonaroja.com.mx\/?p=23255"},"modified":"2021-02-05T15:50:05","modified_gmt":"2021-02-05T21:50:05","slug":"falta-de-atencion-de-gobierno-de-oaxaca-lleva-a-manifestantes-a-la-cdmx","status":"publish","type":"post","link":"https:\/\/zonaroja.com.mx\/?p=23255","title":{"rendered":"Falta de atenci\u00f3n de gobierno de Oaxaca lleva a manifestantes a la Cdmx"},"content":{"rendered":"\n<p>Evlin Arag\u00f3n\/Zona Roja.<\/p>\n\n\n\n<p>Oaxaca de Ju\u00e1rez, Oax., 5 de febrero de 2021.- Debido a la falta de atenci\u00f3n por parte del gobierno de Oaxaca, encabezado por Alejandro Murat Hinojosa, autoridades y pobladores de la zona Mazateca se trasladaron a la Ciudad de M\u00e9xico, para exigir el cumplimiento de diversas demandas.&nbsp;<\/p>\n\n\n\n<p>Se trata de la Uni\u00f3n de Artesanos Ind\u00edgenas y Trabajadores no Asalariados los que se manifestaron en la capital del pa\u00eds, en demanda de recursos etiquetados para la comunidad mazateca, en la regi\u00f3n Ca\u00f1ada del estado.<\/p>\n\n\n\n<p>Para lo anterior, ubicaron decenas de casas de campa\u00f1a, en las calles 20 de Noviembre y Rep\u00fablica del Salvador del Centro Hist\u00f3rico, con las que se cubren de las inclemencias del clima y esperan la atenci\u00f3n de las autoridades.&nbsp;<\/p>\n\n\n\n<p>Desde octubre pasado iniciaron con sus protestas para solicitar apoyo econ\u00f3mico ante la contingencia sanitaria y vivienda digna, como principales demandas.&nbsp;<\/p>\n\n\n\n<p>El grupo de ind\u00edgena mazatecos no es el \u00fanico que hace presencia en la capital del pa\u00eds, ya que integrantes del Movimiento de Unificaci\u00f3n y Lucha Triqui Independiente (MULTI) se preparan para salir en caravana y continuar su exigencia de justicia para las familias desplazadas de Tierra Blanca, Copala.&nbsp;<\/p>\n\n\n\n<p>Lo dieron a conocer a trav\u00e9s de un comunicado en el que explicaron que la marcha est\u00e1 programada para el pr\u00f3ximo mi\u00e9rcoles y&nbsp; partir\u00e1 de varios puntos como son: Yosoyuxi, ciudad de Oaxaca, Ensenada Baja California y de Hermosillo Sonora, todas con la intenci\u00f3n de que se concrete la visita especial del subsecretario de gobierno Alejandro Encinas a la zona donde se encuentran las familias desplazadas.&nbsp;<\/p>\n\n\n\n<p>As\u00ed mismo, su jornada de lucha incluye movilizaciones en la Uni\u00f3n Americana, donde sus compa\u00f1eros tomar\u00edan las diferentes embajadas y consulados mexicanos ubicados en Estados Unidos.<\/p>\n\n\n\n<p>De acuerdo con Macario Garc\u00eda Merino, dirigente del MULTI, pese a la promesa de las autoridades federales, la visita de funcionarios de alto nivel para la soluci\u00f3n del conflicto no se ha concretado, de ah\u00ed que prev\u00e9n acciones para ejercer presi\u00f3n.&nbsp;<\/p>\n\n\n\n<p>Finalmente y como lo han hecho desde hace semanas demand\u00f3 seguridad, retorno seguro de los y las desplazadas, justicia en el caso de los homicidios y libertad de los presos pol\u00edticos recluidos en las diferentes c\u00e1rceles del estado de Oaxaca.<\/p>\n","protected":false},"excerpt":{"rendered":"<p>Evlin Arag\u00f3n\/Zona Roja. Oaxaca de Ju\u00e1rez, Oax., 5 de febrero de 2021.- Debido a la&hellip;<\/p>\n","protected":false},"author":2,"featured_media":23256,"comment_status":"closed","ping_status":"open","sticky":false,"template":"","format":"standard","meta":{"_lmt_disableupdate":"","_lmt_disable":"","_jetpack_memberships_contains_paid_content":false,"footnotes":""},"categories":[109,47],"tags":[2411],"class_list":["post-23255","post","type-post","status-publish","format-standard","has-post-thumbnail","hentry","category-minuto-a-minuto","category-zona-gris","tag-movimiento-de-unificacion-y-lucha-triqui-independiente-multi"],"jetpack_featured_media_url":"https:\/\/zonaroja.com.mx\/wp-content\/uploads\/2021\/02\/Triquis-MULTI.jpg","jetpack_sharing_enabled":true,"_links":{"self":[{"href":"https:\/\/zonaroja.com.mx\/index.php?rest_route=\/wp\/v2\/posts\/23255","targetHints":{"allow":["GET"]}}],"collection":[{"href":"https:\/\/zonaroja.com.mx\/index.php?rest_route=\/wp\/v2\/posts"}],"about":[{"href":"https:\/\/zonaroja.com.mx\/index.php?rest_route=\/wp\/v2\/types\/post"}],"author":[{"embeddable":true,"href":"https:\/\/zonaroja.com.mx\/index.php?rest_route=\/wp\/v2\/users\/2"}],"replies":[{"embeddable":true,"href":"https:\/\/zonaroja.com.mx\/index.php?rest_route=%2Fwp%2Fv2%2Fcomments&post=23255"}],"version-history":[{"count":1,"href":"https:\/\/zonaroja.com.mx\/index.php?rest_route=\/wp\/v2\/posts\/23255\/revisions"}],"predecessor-version":[{"id":23257,"href":"https:\/\/zonaroja.com.mx\/index.php?rest_route=\/wp\/v2\/posts\/23255\/revisions\/23257"}],"wp:featuredmedia":[{"embeddable":true,"href":"https:\/\/zonaroja.com.mx\/index.php?rest_route=\/wp\/v2\/media\/23256"}],"wp:attachment":[{"href":"https:\/\/zonaroja.com.mx\/index.php?rest_route=%2Fwp%2Fv2%2Fmedia&parent=23255"}],"wp:term":[{"taxonomy":"category","embeddable":true,"href":"https:\/\/zonaroja.com.mx\/index.php?rest_route=%2Fwp%2Fv2%2Fcategories&post=23255"},{"taxonomy":"post_tag","embeddable":true,"href":"https:\/\/zonaroja.com.mx\/index.php?rest_route=%2Fwp%2Fv2%2Ftags&post=23255"}],"curies":[{"name":"wp","href":"https:\/\/api.w.org\/{rel}","templated":true}]}}