{"id":23261,"date":"2021-02-05T18:55:31","date_gmt":"2021-02-06T00:55:31","guid":{"rendered":"http:\/\/www.zonaroja.com.mx\/?p=23261"},"modified":"2021-02-05T18:55:36","modified_gmt":"2021-02-06T00:55:36","slug":"incendios-forestales-arrasan-con-mas-de-mil-hectareas-en-2021-coesfo","status":"publish","type":"post","link":"https:\/\/zonaroja.com.mx\/?p=23261","title":{"rendered":"Incendios forestales arrasan con m\u00e1s de mil hect\u00e1reas en 2021: Coesfo"},"content":{"rendered":"\n<p>Yuridiana Sosa\/Zona Roja.<\/p>\n\n\n\n<p>Oaxaca de Ju\u00e1rez, Oax., 5 de febrero de 2021.- En Oaxaca, los incendios forestales durante este inicio de a\u00f1o han causado afectaciones importantes en mil 151.95 hect\u00e1reas, aproximadamente, inform\u00f3 el director de la Comisi\u00f3n Estatal Forestal (Coesfo), Aar\u00f3n Ju\u00e1rez.<\/p>\n\n\n\n<p>El siniestro m\u00e1s reciente se registr\u00f3 este viernes en Santo Domingo Yanhuitl\u00e1n, en la regi\u00f3n de la Mixteca, ante la reactivaci\u00f3n de un incendio controlado el jueves.<\/p>\n\n\n\n<p>El funcionario indic\u00f3 que tras controlar el fuego por parte de los cuerpos de rescate, se procedi\u00f3 al resguardo y proceso de vigilancia por parte de las autoridades comunales, pero ante las fuertes rachas de viento registradas en el transcurso de la noche, las llamas se avivaron.<\/p>\n\n\n\n<p>Ante dicha situaci\u00f3n, agreg\u00f3, los elementos de auxilio de la Coesfo se desplazaron al lugar de forma inmediata para liquidar el incendio y evitar que los da\u00f1os sean mayores.<\/p>\n\n\n\n<p>Hasta este 5 de febrero se contabilizan 18 incendios, de los cuales tres se encuentran activos.<\/p>\n\n\n\n<p>En la regi\u00f3n Mixteca se registra el de San Pedro Topiltepec y Santo Domingo Yanhuitl\u00e1n, en cerro \u201cCacahuate\u201d, el cual se atiende por elementos de la Coesfo, Comisi\u00f3n Nacional Forestal (Conafor) y comuneros.<\/p>\n\n\n\n<figure class=\"wp-block-embed-twitter wp-block-embed is-type-rich is-provider-twitter\"><div class=\"wp-block-embed__wrapper\">\n<div class=\"twitter-tweet\"><blockquote class=\"twitter-tweet\" data-lang=\"es\"><p lang=\"es\" dir=\"ltr\">Comuneros de Santo Domingo Yanhuitl\u00e1n suman esfuerzos con brigadistas de la <a href=\"https:\/\/twitter.com\/COESFO_GobOax?ref_src=twsrc%5Etfw\">@COESFO_GobOax<\/a> para liquidar incendio. <a href=\"https:\/\/twitter.com\/alejandromurat?ref_src=twsrc%5Etfw\">@alejandromurat<\/a> <a href=\"https:\/\/twitter.com\/PacoPiza9?ref_src=twsrc%5Etfw\">@PacoPiza9<\/a> <a href=\"https:\/\/twitter.com\/gabriel_cue?ref_src=twsrc%5Etfw\">@gabriel_cue<\/a> <a href=\"https:\/\/twitter.com\/samygurrion?ref_src=twsrc%5Etfw\">@samygurrion<\/a> <a href=\"https:\/\/t.co\/BOpPBG5pg5\">pic.twitter.com\/BOpPBG5pg5<\/a><\/p>&mdash; COESFO Oaxaca (@COESFO_GobOax) <a href=\"https:\/\/twitter.com\/COESFO_GobOax\/status\/1357803358334165000?ref_src=twsrc%5Etfw\">5 de febrero de 2021<\/a><\/blockquote><\/div>\n<\/div><\/figure>\n\n\n\n<p>En el transcurso de este viernes, se unieron a las labores, personal del Sexto Regimiento perteneciente a la 28 Zona Militar, quienes implementaron actividades del Plan DN-III-E, para la sofocaci\u00f3n de un incendio en el rancho Xaca\u00f1i, en el municipio de Santo Domingo Yanhuitl\u00e1n, donde hasta la tarde de este d\u00eda se estima una afectaci\u00f3n de 300 hect\u00e1reas, de acuerdo al preliminar ofrecido por dichos elementos.<\/p>\n\n\n\n<p>Tambi\u00e9n se inici\u00f3 un incendio en San Pablo Huitzo, en zona de pastizal y el que se presume fue inducido, as\u00ed como otro en San Pablo Suchilquitongo, en el paraje \u201cLa ventana\u201d, donde se afecta un bosque de encino. Mismos que son atendidos por personal de Coesfo y comuneros.<\/p>\n\n\n\n<p>Mientras que como liquidados se report\u00f3 el suscitado en pastizales de San Pablo Huitzo, a unos tres kil\u00f3metros de la caseta Huitzo; en curva Los Ib\u00e1\u00f1ez en el municipio de Santa Mar\u00eda Atzompa; as\u00ed como otro en la capital del estado en el paraje \u201cLa Mona\u201d, en inmediaciones de la Zona Arqueol\u00f3gica de Monte Alb\u00e1n, de la agencia de San Mart\u00edn Mexicapam.<\/p>\n\n\n\n<p>Se suma uno en San Pablo Etla, localizado en punto trino de San Pablo Etla, San Andr\u00e9s Huayapam y San Felipe del Agua, en el cual participaron comuneros y autoridades agrarias de San Pablo Etla y San Andr\u00e9s Huayapam, as\u00ed como la Coesfo.<\/p>\n\n\n\n<p>En la Sierra Sur, en el municipio de San Carlos Yautepec se registr\u00f3 en las localidades de San Jos\u00e9 Chiltepec y su anexo Guadalupe Victoria, con afectaciones en bosque de encino pino.<\/p>\n","protected":false},"excerpt":{"rendered":"<p>Yuridiana Sosa\/Zona Roja. Oaxaca de Ju\u00e1rez, Oax., 5 de febrero de 2021.- En Oaxaca, los&hellip;<\/p>\n","protected":false},"author":2,"featured_media":23262,"comment_status":"closed","ping_status":"open","sticky":false,"template":"","format":"standard","meta":{"_lmt_disableupdate":"","_lmt_disable":"","_jetpack_memberships_contains_paid_content":false,"footnotes":""},"categories":[109,47],"tags":[1255],"class_list":["post-23261","post","type-post","status-publish","format-standard","has-post-thumbnail","hentry","category-minuto-a-minuto","category-zona-gris","tag-comision-estatal-forestal-de-oaxaca"],"jetpack_featured_media_url":"https:\/\/zonaroja.com.mx\/wp-content\/uploads\/2021\/02\/Incendio-forestal-Coesfo.jpg","jetpack_sharing_enabled":true,"_links":{"self":[{"href":"https:\/\/zonaroja.com.mx\/index.php?rest_route=\/wp\/v2\/posts\/23261","targetHints":{"allow":["GET"]}}],"collection":[{"href":"https:\/\/zonaroja.com.mx\/index.php?rest_route=\/wp\/v2\/posts"}],"about":[{"href":"https:\/\/zonaroja.com.mx\/index.php?rest_route=\/wp\/v2\/types\/post"}],"author":[{"embeddable":true,"href":"https:\/\/zonaroja.com.mx\/index.php?rest_route=\/wp\/v2\/users\/2"}],"replies":[{"embeddable":true,"href":"https:\/\/zonaroja.com.mx\/index.php?rest_route=%2Fwp%2Fv2%2Fcomments&post=23261"}],"version-history":[{"count":1,"href":"https:\/\/zonaroja.com.mx\/index.php?rest_route=\/wp\/v2\/posts\/23261\/revisions"}],"predecessor-version":[{"id":23263,"href":"https:\/\/zonaroja.com.mx\/index.php?rest_route=\/wp\/v2\/posts\/23261\/revisions\/23263"}],"wp:featuredmedia":[{"embeddable":true,"href":"https:\/\/zonaroja.com.mx\/index.php?rest_route=\/wp\/v2\/media\/23262"}],"wp:attachment":[{"href":"https:\/\/zonaroja.com.mx\/index.php?rest_route=%2Fwp%2Fv2%2Fmedia&parent=23261"}],"wp:term":[{"taxonomy":"category","embeddable":true,"href":"https:\/\/zonaroja.com.mx\/index.php?rest_route=%2Fwp%2Fv2%2Fcategories&post=23261"},{"taxonomy":"post_tag","embeddable":true,"href":"https:\/\/zonaroja.com.mx\/index.php?rest_route=%2Fwp%2Fv2%2Ftags&post=23261"}],"curies":[{"name":"wp","href":"https:\/\/api.w.org\/{rel}","templated":true}]}}