{"id":23264,"date":"2021-02-05T20:23:47","date_gmt":"2021-02-06T02:23:47","guid":{"rendered":"http:\/\/www.zonaroja.com.mx\/?p=23264"},"modified":"2021-02-05T20:23:53","modified_gmt":"2021-02-06T02:23:53","slug":"oaxaca-de-las-mas-violentas-para-personas-defensoras-de-derechos-y-periodistas","status":"publish","type":"post","link":"https:\/\/zonaroja.com.mx\/?p=23264","title":{"rendered":"Oaxaca, de las m\u00e1s violentas para personas defensoras de derechos y periodistas"},"content":{"rendered":"\n<p>Evlin Arag\u00f3n\/Zona Roja.<\/p>\n\n\n\n<p>Oaxaca de Ju\u00e1rez, Oax., 5 de febrero de 2021.- En plena contingencia por la Covid-19, seis periodistas y 24 personas defensoras de derechos humanos fueron asesinadas en M\u00e9xico, siendo Oaxaca uno de los estados m\u00e1s peligrosos para desarrollar ambas actividades.<\/p>\n\n\n\n<p>As\u00ed lo refiere el informe titulado \u201cSituaci\u00f3n de la defensa de derechos humanos y la libre expresi\u00f3n en M\u00e9xico a partir de la pandemia por Covid-19\u201d que pone de manifiesto que se trata de siete mujeres y 23 varones los que, lamentablemente, fueron asesinados en el 2020.<\/p>\n\n\n\n<p>Se trata, principalmente, de personas defensoras del medio ambiente, por una vida libre de violencia y discriminaci\u00f3n para las mujeres y poblaci\u00f3n LGBTTTIQA+, as\u00ed como periodistas que, el a\u00f1o pasado, vieron privado su derecho a la libertad de expresi\u00f3n.<\/p>\n\n\n\n<p>De acuerdo con el documento, las entidades con mayor \u00edndice de violencia para estos dos sectores son Guerrero, Oaxaca, Michoac\u00e1n, Puebla, Morelos, Estado de M\u00e9xico, Chiapas y Chihuahua.&nbsp;<\/p>\n\n\n\n<p>Sin embargo, de forma concreta, la Red Nacional de Defensoras de Derechos Humanos en M\u00e9xico (RNDDHM), ubica a Oaxaca como la entidad m\u00e1s peligrosa para el ejercicio del derecho a defender derechos humanos por las mujeres.<\/p>\n\n\n\n<p>Y es que de acuerdo con los datos la entidad oaxaque\u00f1a tiene un 15.7 por ciento de riesgo; seguido de la Ciudad de M\u00e9xico con una 6.8; Jalisco con un 4.4; Puebla con un 4.3; as\u00ed como Veracruz, Guerrero y Sonora que comparten el 2.6 por ciento de peligro.<\/p>\n\n\n\n<p>Durante la presentaci\u00f3n de los resultados del informe, diversas organizaciones refirieron que en el actual contexto de emergencia sanitaria por Covid-19 las personas defensoras de derechos humanos y periodistas en M\u00e9xico enfrentan nuevas condiciones de riesgo, adem\u00e1s de limitaciones para desempe\u00f1ar su labor debido a las medidas de distanciamiento social y confinamiento.<\/p>\n\n\n\n<p>Esto retrata una continuidad en la violencia que enfrentaron en el 2019 que se registraron al menos 21 personas defensoras y 10 periodistas asesinados en todo el territorio mexicano.&nbsp;<\/p>\n\n\n\n<p>Independientemente de los asesinatos, las personas defensoras y periodistas contin\u00faan enfrentando intimidaci\u00f3n y hostigamiento, amenazas, agresiones f\u00edsicas y digitales, detenciones arbitrarias, uso arbitrario del sistema de justicia en su contra, entre otras.&nbsp;<\/p>\n\n\n\n<p>Tan s\u00f3lo de enero a junio de 2020, 266 mujeres y 42 colectivos experimentaron agresiones por su labor. Por su parte, quienes ejercen el periodismo fueron v\u00edctimas de 63 agresiones tan solo en el periodo entre marzo y junio de 2020.&nbsp;<\/p>\n\n\n\n<p>Lo actos violentos fueron ejercidos principalmente por servidores p\u00fablicos; y, en segundo lugar, de parte de particulares, a trav\u00e9s de empresas y actores del crimen organizado.&nbsp;<\/p>\n\n\n\n<p>\u201cLas condiciones de riesgo se han agravado en el actual contexto de emergencia sanitaria, ya que se han adoptado disposiciones en distintos niveles de gobierno que han tenido un impacto negativo sobre los derechos humanos\u201d, refiere el documento.&nbsp;<\/p>\n\n\n\n<p>Y es que detalla que, pese a la pandemia se han mantenido las pol\u00edticas de desarrollo extractivo a trav\u00e9s de megaproyectos, la actual pol\u00edtica de control migratorio, el despliegue de las fuerzas armadas en asuntos de seguridad p\u00fablica, y el uso excesivo de la fuerza en contextos de manifestaciones.&nbsp;<\/p>\n\n\n\n<p>De ah\u00ed que tanto personas defensoras de derechos y periodistas se encuentren mayormente vulnerables y sin acceso a protecci\u00f3n, ya que durante el 2020 tambi\u00e9n se consolid\u00f3 la desaparici\u00f3n de fideicomisos, incluido el 10232, creado para la protecci\u00f3n de personas defensoras, el cual se desprende de la Ley Federal de Protecci\u00f3n para personas Defensoras de Derechos Humanos y Periodistas; y el Fondo de Ayuda, Asistencia y Reparaci\u00f3n Integral (FAARI) de v\u00edctimas del delito y de violaciones de derechos humanos constituido en la Ley General de V\u00edctimas.<\/p>\n\n\n\n<p>Por ello, el informe incluye la demanda al Estado Mexicano de acatar recomendaciones y resoluciones emitidas por instancias internacionales que demandan garantizar la protecci\u00f3n de personas defensoras y periodistas en esta crisis.&nbsp;<\/p>\n\n\n\n<p>El material fue desarrollado por el Espacio OSC, la Iniciativa Mesoamericana de Mujeres Defensoras de Derechos Humanos (IM-Defensoras), la Red Nacional de Defensoras de Derechos Humanos en M\u00e9xico (RNDDHMX) y el Centro por la Justicia y el Derecho Internacional (CEJIL).<\/p>\n\n\n\n<p>Lo anterior con informaci\u00f3n documentada por Article 19, Centro Mexicano de Derecho Ambiental (CEMDA), Comisi\u00f3n Mexicana de Defensa y Promoci\u00f3n de Derechos Humanos (CMDPDH), Comunicaci\u00f3n e informaci\u00f3n de la Mujer (CIMAC), Consorcio para el Di\u00e1logo Parlamentario y la Equidad Oaxaca.<\/p>\n","protected":false},"excerpt":{"rendered":"<p>Evlin Arag\u00f3n\/Zona Roja. Oaxaca de Ju\u00e1rez, Oax., 5 de febrero de 2021.- En plena contingencia&hellip;<\/p>\n","protected":false},"author":2,"featured_media":6707,"comment_status":"closed","ping_status":"open","sticky":false,"template":"","format":"standard","meta":{"_lmt_disableupdate":"","_lmt_disable":"","_jetpack_memberships_contains_paid_content":false,"footnotes":""},"categories":[109,48],"tags":[1093],"class_list":["post-23264","post","type-post","status-publish","format-standard","has-post-thumbnail","hentry","category-minuto-a-minuto","category-zona-critica","tag-consorcio-para-el-dialogo-oaxaca"],"jetpack_featured_media_url":"https:\/\/zonaroja.com.mx\/wp-content\/uploads\/2019\/12\/Violencia-periodistas.jpg","jetpack_sharing_enabled":true,"_links":{"self":[{"href":"https:\/\/zonaroja.com.mx\/index.php?rest_route=\/wp\/v2\/posts\/23264","targetHints":{"allow":["GET"]}}],"collection":[{"href":"https:\/\/zonaroja.com.mx\/index.php?rest_route=\/wp\/v2\/posts"}],"about":[{"href":"https:\/\/zonaroja.com.mx\/index.php?rest_route=\/wp\/v2\/types\/post"}],"author":[{"embeddable":true,"href":"https:\/\/zonaroja.com.mx\/index.php?rest_route=\/wp\/v2\/users\/2"}],"replies":[{"embeddable":true,"href":"https:\/\/zonaroja.com.mx\/index.php?rest_route=%2Fwp%2Fv2%2Fcomments&post=23264"}],"version-history":[{"count":1,"href":"https:\/\/zonaroja.com.mx\/index.php?rest_route=\/wp\/v2\/posts\/23264\/revisions"}],"predecessor-version":[{"id":23265,"href":"https:\/\/zonaroja.com.mx\/index.php?rest_route=\/wp\/v2\/posts\/23264\/revisions\/23265"}],"wp:featuredmedia":[{"embeddable":true,"href":"https:\/\/zonaroja.com.mx\/index.php?rest_route=\/wp\/v2\/media\/6707"}],"wp:attachment":[{"href":"https:\/\/zonaroja.com.mx\/index.php?rest_route=%2Fwp%2Fv2%2Fmedia&parent=23264"}],"wp:term":[{"taxonomy":"category","embeddable":true,"href":"https:\/\/zonaroja.com.mx\/index.php?rest_route=%2Fwp%2Fv2%2Fcategories&post=23264"},{"taxonomy":"post_tag","embeddable":true,"href":"https:\/\/zonaroja.com.mx\/index.php?rest_route=%2Fwp%2Fv2%2Ftags&post=23264"}],"curies":[{"name":"wp","href":"https:\/\/api.w.org\/{rel}","templated":true}]}}