{"id":23266,"date":"2021-02-05T20:42:09","date_gmt":"2021-02-06T02:42:09","guid":{"rendered":"http:\/\/www.zonaroja.com.mx\/?p=23266"},"modified":"2021-02-05T20:42:19","modified_gmt":"2021-02-06T02:42:19","slug":"por-cuantioso-adeudo-cfe-corta-servicios-a-ex-edil-de-juchitan-y-este-se-opone","status":"publish","type":"post","link":"https:\/\/zonaroja.com.mx\/?p=23266","title":{"rendered":"Por cuantioso adeudo, CFE corta servicios a ex edil de Juchit\u00e1n y \u00e9ste se opone"},"content":{"rendered":"\n<p>Yuridiana Sosa\/Zona Roja.<\/p>\n\n\n\n<p>Oaxaca de Ju\u00e1rez, Oax., 5 de febrero de 2021.- Entre reclamos y amenazas, el ex edil de Juchit\u00e1n de Zaragoza y l\u00edder social en la regi\u00f3n del Istmo, Leopoldo De Gyves de la Cruz, trat\u00f3 de impedir que la Comisi\u00f3n Federal de Electricidad (CFE) le cortara el servicio de energ\u00eda el\u00e9ctrica, a pesar de su cuantioso adeudo.<\/p>\n\n\n\n<p>De acuerdo con informaci\u00f3n revelada durante el operativo que afect\u00f3 a otros ciudadanos, el integrante de la Coalici\u00f3n Obrera, Campesina, Estudiantil del Istmo (COCEI) mantiene un adeudo superior a los 100 mil pesos.<\/p>\n\n\n\n<p>Videos fundidos sobre la actividad del personal de la CFE, que iban resguardados por la Guardia Nacional, muestran al ex presidente tratando de subirse a la escalera donde un trabajador de la empresa realizaba el retiro de cables.<\/p>\n\n\n\n<p>De Gyves comenz\u00f3 con reclamos sobre la intolerancia de la CFE y falta de apoyo a la regi\u00f3n del Istmo que genera energ\u00eda e\u00f3lica sin ser beneficiados, pero tambi\u00e9n lanz\u00f3 amenazas sobre realizar, supuestamente, las reconexiones por cuenta propia, las veces que fueran necesarias ante futuros cortes al servicio.<\/p>\n\n\n\n<figure class=\"wp-block-embed-twitter wp-block-embed is-type-rich is-provider-twitter\"><div class=\"wp-block-embed__wrapper\">\n<div class=\"twitter-tweet\"><blockquote class=\"twitter-tweet\" data-lang=\"es\"><p lang=\"es\" dir=\"ltr\"><a href=\"https:\/\/twitter.com\/hashtag\/%C3%9AltimoMinuto?src=hash&amp;ref_src=twsrc%5Etfw\">#\u00daltimoMinuto<\/a> <br>As\u00ed intent\u00f3 hoy Leopoldo De Gyves, ex dirigente de la COCEI y ex edil de Juchit\u00e1n, impedir a la <a href=\"https:\/\/twitter.com\/CFEmx?ref_src=twsrc%5Etfw\">@CFEmx<\/a>, resguardada por la <a href=\"https:\/\/twitter.com\/GN_MEXICO_?ref_src=twsrc%5Etfw\">@GN_MEXICO_<\/a>, el corte del suministro de energ\u00eda el\u00e9ctrica; presuntamente adeuda cerca de 100 mil pesos <a href=\"https:\/\/t.co\/52KHVbZdzV\">pic.twitter.com\/52KHVbZdzV<\/a><\/p>&mdash; Zona Roja Oaxaca (@Zona_Roja_Oax) <a href=\"https:\/\/twitter.com\/Zona_Roja_Oax\/status\/1357857643428122624?ref_src=twsrc%5Etfw\">6 de febrero de 2021<\/a><\/blockquote><\/div>\n<\/div><\/figure>\n\n\n\n<p>El esc\u00e1ndalo que provoc\u00f3 convoc\u00f3 a vecinos del lugar tambi\u00e9n con adeudos, casualmente aglutinados en la COCEI-MLL.<\/p>\n\n\n\n<p>La inconformidad se hizo m\u00e1s fuerte y de forma repentina la protesta creci\u00f3, al punto que lograron que los elementos de la CFE no pudieran continuar con su labor.<\/p>\n\n\n\n<p>El ex presidente tambi\u00e9n dio a conocer que ante estas acciones, no descartan la posibilidad de realizar bloqueos y manifestaciones en las instalaciones de la CFE de su zona, pues tambi\u00e9n consideraron un agravio a los derechos humanos al privar de este servicio tan indispensable en medio de la contingencia sanitaria.&nbsp;<\/p>\n","protected":false},"excerpt":{"rendered":"<p>Yuridiana Sosa\/Zona Roja. Oaxaca de Ju\u00e1rez, Oax., 5 de febrero de 2021.- Entre reclamos y&hellip;<\/p>\n","protected":false},"author":2,"featured_media":23267,"comment_status":"closed","ping_status":"open","sticky":false,"template":"","format":"standard","meta":{"_lmt_disableupdate":"","_lmt_disable":"","_jetpack_memberships_contains_paid_content":false,"footnotes":""},"categories":[109,47],"tags":[2429],"class_list":["post-23266","post","type-post","status-publish","format-standard","has-post-thumbnail","hentry","category-minuto-a-minuto","category-zona-gris","tag-leopoldo-de-gyves"],"jetpack_featured_media_url":"https:\/\/zonaroja.com.mx\/wp-content\/uploads\/2021\/02\/De-Gyves.png","jetpack_sharing_enabled":true,"_links":{"self":[{"href":"https:\/\/zonaroja.com.mx\/index.php?rest_route=\/wp\/v2\/posts\/23266","targetHints":{"allow":["GET"]}}],"collection":[{"href":"https:\/\/zonaroja.com.mx\/index.php?rest_route=\/wp\/v2\/posts"}],"about":[{"href":"https:\/\/zonaroja.com.mx\/index.php?rest_route=\/wp\/v2\/types\/post"}],"author":[{"embeddable":true,"href":"https:\/\/zonaroja.com.mx\/index.php?rest_route=\/wp\/v2\/users\/2"}],"replies":[{"embeddable":true,"href":"https:\/\/zonaroja.com.mx\/index.php?rest_route=%2Fwp%2Fv2%2Fcomments&post=23266"}],"version-history":[{"count":1,"href":"https:\/\/zonaroja.com.mx\/index.php?rest_route=\/wp\/v2\/posts\/23266\/revisions"}],"predecessor-version":[{"id":23268,"href":"https:\/\/zonaroja.com.mx\/index.php?rest_route=\/wp\/v2\/posts\/23266\/revisions\/23268"}],"wp:featuredmedia":[{"embeddable":true,"href":"https:\/\/zonaroja.com.mx\/index.php?rest_route=\/wp\/v2\/media\/23267"}],"wp:attachment":[{"href":"https:\/\/zonaroja.com.mx\/index.php?rest_route=%2Fwp%2Fv2%2Fmedia&parent=23266"}],"wp:term":[{"taxonomy":"category","embeddable":true,"href":"https:\/\/zonaroja.com.mx\/index.php?rest_route=%2Fwp%2Fv2%2Fcategories&post=23266"},{"taxonomy":"post_tag","embeddable":true,"href":"https:\/\/zonaroja.com.mx\/index.php?rest_route=%2Fwp%2Fv2%2Ftags&post=23266"}],"curies":[{"name":"wp","href":"https:\/\/api.w.org\/{rel}","templated":true}]}}