{"id":2327,"date":"2019-07-17T12:12:27","date_gmt":"2019-07-17T17:12:27","guid":{"rendered":"https:\/\/www.zonaroja.com.mx\/?p=2327"},"modified":"2019-07-17T20:38:13","modified_gmt":"2019-07-18T01:38:13","slug":"en-centro-historico-de-la-capital-y-previo-a-guelaguetza-secuestran-a-hijo-de-empresario","status":"publish","type":"post","link":"https:\/\/zonaroja.com.mx\/?p=2327","title":{"rendered":"En Centro Hist\u00f3rico de la capital y previo a Guelaguetza, secuestran a hijo de empresario"},"content":{"rendered":"<p><img decoding=\"async\" class=\"size-full wp-image-2326\" src=\"https:\/\/www.zonaroja.com.mx\/wp-content\/uploads\/2019\/07\/6cba781f-9675-40b9-bfef-b599c2271c9e-1.jpg\" width=\"1280\" height=\"720\" srcset=\"https:\/\/zonaroja.com.mx\/wp-content\/uploads\/2019\/07\/6cba781f-9675-40b9-bfef-b599c2271c9e-1.jpg 1280w, https:\/\/zonaroja.com.mx\/wp-content\/uploads\/2019\/07\/6cba781f-9675-40b9-bfef-b599c2271c9e-1-300x169.jpg 300w, https:\/\/zonaroja.com.mx\/wp-content\/uploads\/2019\/07\/6cba781f-9675-40b9-bfef-b599c2271c9e-1-768x432.jpg 768w, https:\/\/zonaroja.com.mx\/wp-content\/uploads\/2019\/07\/6cba781f-9675-40b9-bfef-b599c2271c9e-1-1024x576.jpg 1024w, https:\/\/zonaroja.com.mx\/wp-content\/uploads\/2019\/07\/6cba781f-9675-40b9-bfef-b599c2271c9e-1-1170x658.jpg 1170w, https:\/\/zonaroja.com.mx\/wp-content\/uploads\/2019\/07\/6cba781f-9675-40b9-bfef-b599c2271c9e-1-585x329.jpg 585w\" sizes=\"(max-width: 1280px) 100vw, 1280px\" \/><\/p>\n<p>Ismael Garc\u00eda M.<\/p>\n<div id=\"AppleMailSignature\" dir=\"ltr\" style=\"font-family: UICTFontTextStyleBody;font-size: 17px;font-style: normal;font-weight: normal;letter-spacing: normal;text-align: start;text-indent: 0px;text-transform: none;text-decoration: none\">Oaxaca de Ju\u00e1rez, Oax., 17 de julio de 2019.- A unos d\u00edas de las fiestas de los Lunes del Cerro de la Guelaguetza y en pleno Centro Hist\u00f3rico de Oaxaca, la ma\u00f1ana de hoy fue secuestrado el hijo de un empresario.\u00a0<\/div>\n<div id=\"AppleMailSignature\" dir=\"ltr\" style=\"font-family: UICTFontTextStyleBody;font-size: 17px;font-style: normal;font-weight: normal;letter-spacing: normal;text-align: start;text-indent: 0px;text-transform: none;text-decoration: none\">De manera preliminar se inform\u00f3 que se trata de Miguel de Jes\u00fas Hern\u00e1ndez Ju\u00e1rez, hijo del due\u00f1o de la empresa oaxaque\u00f1a Mole y Chocolate \u201cJuquilita\u201d, quien habr\u00eda sido plagiado en la calle de La Noria casi esquina con Gonz\u00e1lez Ortega, en el centro de la ciudad capital.\u00a0<\/div>\n<div id=\"AppleMailSignature\" dir=\"ltr\" style=\"font-family: UICTFontTextStyleBody;font-size: 17px;font-style: normal;font-weight: normal;letter-spacing: normal;text-align: start;text-indent: 0px;text-transform: none;text-decoration: none\">En esa vialidad, alrededor de las diez de la ma\u00f1ana de este mi\u00e9rcoles fue hallada abandonada y con el motor encendido una unidad de motor color gris, marca Mercedez Benz, con placas de circulaci\u00f3n TLT-9904.\u00a0<\/div>\n<div id=\"AppleMailSignature\" dir=\"ltr\" style=\"font-family: UICTFontTextStyleBody;font-size: 17px;font-style: normal;font-weight: normal;letter-spacing: normal;text-align: start;text-indent: 0px;text-transform: none;text-decoration: none\">Elementos policiacos acordonaron el lugar mientras personal de la Fiscal\u00eda General del Estado realiza las indagatorias.\u00a0<\/div>\n<div id=\"AppleMailSignature\" dir=\"ltr\" style=\"font-family: UICTFontTextStyleBody;font-size: 17px;font-style: normal;font-weight: normal;letter-spacing: normal;text-align: start;text-indent: 0px;text-transform: none;text-decoration: none\">Presuntamente los plagiarlos piden 15 millones de pesos para liberar al joven de 24 a\u00f1os de edad.\u00a0<\/div>\n<div dir=\"ltr\">\u00a0<\/div>\n<div dir=\"ltr\">\u00a0<\/div>\n<div id=\"AppleMailSignature\" dir=\"ltr\" style=\"font-family: UICTFontTextStyleBody;font-size: 17px;font-style: normal;font-weight: normal;letter-spacing: normal;text-align: start;text-indent: 0px;text-transform: none;text-decoration: none\">\u00a0<\/div>\n\n\n<figure class=\"wp-block-embed-twitter wp-block-embed is-type-rich is-provider-twitter\"><div class=\"wp-block-embed__wrapper\">\n<div class=\"twitter-tweet\"><blockquote class=\"twitter-tweet\" data-lang=\"es\"><p lang=\"es\" dir=\"ltr\"><a href=\"https:\/\/twitter.com\/hashtag\/OaxacaRojo?src=hash&amp;ref_src=twsrc%5Etfw\">#OaxacaRojo<\/a><br>A unos d\u00edas de la <a href=\"https:\/\/twitter.com\/hashtag\/Guelaguetza2019?src=hash&amp;ref_src=twsrc%5Etfw\">#Guelaguetza2019<\/a>, reportan el presunto secuestro del hijo de un empresario, en La Noria esquina con Gonz\u00e1lez Ortega; la v\u00edctima viajaba en un vehiculo Mazda, placas TLT9994, que se hall\u00f3 encendido. Corporaciones policiacas se encuentran en el lugar. <a href=\"https:\/\/t.co\/IXMGDQQ8EK\">pic.twitter.com\/IXMGDQQ8EK<\/a><\/p>&mdash; Zona Roja Oaxaca (@MexRoja) <a href=\"https:\/\/twitter.com\/MexRoja\/status\/1151521484017414144?ref_src=twsrc%5Etfw\">17 de julio de 2019<\/a><\/blockquote><\/div>\n<\/div><\/figure>\n","protected":false},"excerpt":{"rendered":"<p>Ismael Garc\u00eda M. Oaxaca de Ju\u00e1rez, Oax., 17 de julio de 2019.- A unos d\u00edas&hellip;<\/p>\n","protected":false},"author":2,"featured_media":2326,"comment_status":"closed","ping_status":"open","sticky":false,"template":"","format":"standard","meta":{"_lmt_disableupdate":"","_lmt_disable":"","_jetpack_memberships_contains_paid_content":false,"footnotes":""},"categories":[109,1,51],"tags":[],"class_list":["post-2327","post","type-post","status-publish","format-standard","has-post-thumbnail","hentry","category-minuto-a-minuto","category-sin-categoria","category-zona-roja"],"jetpack_featured_media_url":"https:\/\/zonaroja.com.mx\/wp-content\/uploads\/2019\/07\/6cba781f-9675-40b9-bfef-b599c2271c9e-1.jpg","jetpack_sharing_enabled":true,"_links":{"self":[{"href":"https:\/\/zonaroja.com.mx\/index.php?rest_route=\/wp\/v2\/posts\/2327","targetHints":{"allow":["GET"]}}],"collection":[{"href":"https:\/\/zonaroja.com.mx\/index.php?rest_route=\/wp\/v2\/posts"}],"about":[{"href":"https:\/\/zonaroja.com.mx\/index.php?rest_route=\/wp\/v2\/types\/post"}],"author":[{"embeddable":true,"href":"https:\/\/zonaroja.com.mx\/index.php?rest_route=\/wp\/v2\/users\/2"}],"replies":[{"embeddable":true,"href":"https:\/\/zonaroja.com.mx\/index.php?rest_route=%2Fwp%2Fv2%2Fcomments&post=2327"}],"version-history":[{"count":3,"href":"https:\/\/zonaroja.com.mx\/index.php?rest_route=\/wp\/v2\/posts\/2327\/revisions"}],"predecessor-version":[{"id":2338,"href":"https:\/\/zonaroja.com.mx\/index.php?rest_route=\/wp\/v2\/posts\/2327\/revisions\/2338"}],"wp:featuredmedia":[{"embeddable":true,"href":"https:\/\/zonaroja.com.mx\/index.php?rest_route=\/wp\/v2\/media\/2326"}],"wp:attachment":[{"href":"https:\/\/zonaroja.com.mx\/index.php?rest_route=%2Fwp%2Fv2%2Fmedia&parent=2327"}],"wp:term":[{"taxonomy":"category","embeddable":true,"href":"https:\/\/zonaroja.com.mx\/index.php?rest_route=%2Fwp%2Fv2%2Fcategories&post=2327"},{"taxonomy":"post_tag","embeddable":true,"href":"https:\/\/zonaroja.com.mx\/index.php?rest_route=%2Fwp%2Fv2%2Ftags&post=2327"}],"curies":[{"name":"wp","href":"https:\/\/api.w.org\/{rel}","templated":true}]}}