{"id":23273,"date":"2021-02-05T22:08:27","date_gmt":"2021-02-06T04:08:27","guid":{"rendered":"http:\/\/www.zonaroja.com.mx\/?p=23273"},"modified":"2021-02-05T22:08:32","modified_gmt":"2021-02-06T04:08:32","slug":"cifras-desmienten-a-murat-sobre-baja-de-covid-28-muertos-364-positivos-y-20-hospitales-llenos","status":"publish","type":"post","link":"https:\/\/zonaroja.com.mx\/?p=23273","title":{"rendered":"Cifras desmienten a Murat sobre baja de Covid: 28 muertos, 364 positivos y 20 hospitales llenos"},"content":{"rendered":"\n<p>Redacci\u00f3n\/Zona Roja.<\/p>\n\n\n\n<p>Oaxaca de Ju\u00e1rez, Oax. 5 de febrero de 2021.- Los Servicios de Salud de Oaxaca (SSO) registran al corte de este viernes 5 de febrero, 364 casos nuevos de Covid-19 que suman 36 mil 264 casos acumulados.<\/p>\n\n\n\n<p>Adem\u00e1s, de acuerdo con un comunicado, se han notificado 57 mil 357 casos, de los cuales 16 mil 391 son negativos, hay cuatro mil 702 sospechosos, 32 mil 996 se han recuperado y 28 decesos, que suman dos mil 620.<\/p>\n\n\n\n<p>La Jurisdicci\u00f3n Sanitaria n\u00famero uno Valles Centrales contabiliza 25 mil 083 casos confirmados y mil 401 defunciones, Istmo tres mil 010 y 425 defunciones, Mixteca dos mil 850 y 229 defunciones, Tuxtepec dos mil 286 y 296 defunciones, Costa mil 795 y 167 defunciones y la Sierra mil 240 y 102 defunciones.<\/p>\n\n\n\n<figure class=\"wp-block-embed-twitter wp-block-embed is-type-rich is-provider-twitter\"><div class=\"wp-block-embed__wrapper\">\n<div class=\"twitter-tweet\"><blockquote class=\"twitter-tweet\" data-lang=\"es\"><p lang=\"es\" dir=\"ltr\"><a href=\"https:\/\/twitter.com\/hashtag\/%C3%9AltimoMinuto?src=hash&amp;ref_src=twsrc%5Etfw\">#\u00daltimoMinuto<\/a><br>En <a href=\"https:\/\/twitter.com\/hashtag\/Oaxaca?src=hash&amp;ref_src=twsrc%5Etfw\">#Oaxaca<\/a>, de acuerdo con los Servicios de Salud, este viernes se registraron 364 casos positivos a Covid, con lo que el acumulado asciende a 36 mil 264; adem\u00e1s, 28 fallecimientos, para un total de dos mil 620 decesos, y hay 20 hospitales saturados de pacientes. <a href=\"https:\/\/t.co\/YnazrxqZ3L\">pic.twitter.com\/YnazrxqZ3L<\/a><\/p>&mdash; Zona Roja Oaxaca (@Zona_Roja_Oax) <a href=\"https:\/\/twitter.com\/Zona_Roja_Oax\/status\/1357873366808596482?ref_src=twsrc%5Etfw\">6 de febrero de 2021<\/a><\/blockquote><\/div>\n<\/div><\/figure>\n\n\n\n<p>D los 364 casos nuevos afectan a 93 municipios, siendo los que mayor n\u00famero de casos presentan el de Oaxaca de Ju\u00e1rez con 95, Huajuapan de Le\u00f3n 27, Santa Cruz Xoxocotl\u00e1n 25, Santa Luc\u00eda del Camino 23, Miahuatl\u00e1n de Porfirio D\u00edaz, Salina Cruz y Santiago Choapam 11 cada uno, San Juan Bautista Tuxtepec nueve, el resto siete, seis, cinco, cuatro, tres, dos y un caso.<\/p>\n\n\n\n<p>Asimismo hay 648 casos activos, siendo la Jurisdicci\u00f3n Sanitaria de Valles Centrales la que registra 430, Mixteca 84, Costa 57, Istmo 33, Tuxtepec 29 y la Sierra 15.<\/p>\n\n\n\n<p>En relaci\u00f3n a la ocupaci\u00f3n hospitalaria de los d\u00edas 4 y 5 de febrero, se registran 42 nuevos hospitalizados, hay 403 camas ocupadas y 240 disponibles de un total de 643. Asimismo, 20 hospitales est\u00e1n al 100% de ocupaci\u00f3n, lo que representa un 64.5% global.<\/p>\n","protected":false},"excerpt":{"rendered":"<p>Redacci\u00f3n\/Zona Roja. Oaxaca de Ju\u00e1rez, Oax. 5 de febrero de 2021.- Los Servicios de Salud&hellip;<\/p>\n","protected":false},"author":2,"featured_media":23274,"comment_status":"closed","ping_status":"open","sticky":false,"template":"","format":"standard","meta":{"_lmt_disableupdate":"","_lmt_disable":"","_jetpack_memberships_contains_paid_content":false,"footnotes":""},"categories":[109,47],"tags":[1512],"class_list":["post-23273","post","type-post","status-publish","format-standard","has-post-thumbnail","hentry","category-minuto-a-minuto","category-zona-gris","tag-coronavirus-oaxaca"],"jetpack_featured_media_url":"https:\/\/zonaroja.com.mx\/wp-content\/uploads\/2021\/02\/SSO-1-4.jpeg","jetpack_sharing_enabled":true,"_links":{"self":[{"href":"https:\/\/zonaroja.com.mx\/index.php?rest_route=\/wp\/v2\/posts\/23273","targetHints":{"allow":["GET"]}}],"collection":[{"href":"https:\/\/zonaroja.com.mx\/index.php?rest_route=\/wp\/v2\/posts"}],"about":[{"href":"https:\/\/zonaroja.com.mx\/index.php?rest_route=\/wp\/v2\/types\/post"}],"author":[{"embeddable":true,"href":"https:\/\/zonaroja.com.mx\/index.php?rest_route=\/wp\/v2\/users\/2"}],"replies":[{"embeddable":true,"href":"https:\/\/zonaroja.com.mx\/index.php?rest_route=%2Fwp%2Fv2%2Fcomments&post=23273"}],"version-history":[{"count":1,"href":"https:\/\/zonaroja.com.mx\/index.php?rest_route=\/wp\/v2\/posts\/23273\/revisions"}],"predecessor-version":[{"id":23275,"href":"https:\/\/zonaroja.com.mx\/index.php?rest_route=\/wp\/v2\/posts\/23273\/revisions\/23275"}],"wp:featuredmedia":[{"embeddable":true,"href":"https:\/\/zonaroja.com.mx\/index.php?rest_route=\/wp\/v2\/media\/23274"}],"wp:attachment":[{"href":"https:\/\/zonaroja.com.mx\/index.php?rest_route=%2Fwp%2Fv2%2Fmedia&parent=23273"}],"wp:term":[{"taxonomy":"category","embeddable":true,"href":"https:\/\/zonaroja.com.mx\/index.php?rest_route=%2Fwp%2Fv2%2Fcategories&post=23273"},{"taxonomy":"post_tag","embeddable":true,"href":"https:\/\/zonaroja.com.mx\/index.php?rest_route=%2Fwp%2Fv2%2Ftags&post=23273"}],"curies":[{"name":"wp","href":"https:\/\/api.w.org\/{rel}","templated":true}]}}