{"id":23288,"date":"2021-02-06T12:23:21","date_gmt":"2021-02-06T18:23:21","guid":{"rendered":"http:\/\/www.zonaroja.com.mx\/?p=23288"},"modified":"2021-02-06T12:23:24","modified_gmt":"2021-02-06T18:23:24","slug":"asesinan-a-un-individuo-en-via-publica-en-tuxtepec-avanza-febrero-violento","status":"publish","type":"post","link":"https:\/\/zonaroja.com.mx\/?p=23288","title":{"rendered":"Asesinan a un individuo en v\u00eda p\u00fablica en Tuxtepec; avanza febrero violento"},"content":{"rendered":"\n<p>Redacci\u00f3n\/Zona Roja.<\/p>\n\n\n\n<p>Oaxaca de Ju\u00e1rez, Oax., 6 de febrero de 2021.- La violencia e inseguridad siguen cobrando v\u00edctimas en la regi\u00f3n de la Cuenca del Papaloapan, donde este s\u00e1bado por la ma\u00f1ana una persona del sexo masculino fue asesinada en v\u00eda p\u00fablica de San Juan Bautista Tuxtepec.<\/p>\n\n\n\n<p>El reporte policial preliminar indic\u00f3 que el hombre fue atacado por arma blanca en la calle de 16 de Septiembre en la colonia Santa Fe, en la zona comercial al norte del primer cuadro del municipio.<\/p>\n\n\n\n<p>La v\u00edctima qued\u00f3 sin vida sobre el pavimento, casi a media calle, al costado de un veh\u00edculo; de manera preliminar fue identificada como Nabor C. T.<\/p>\n\n\n\n<p>Al lugar arribaron elementos de seguridad policial para acordonar el \u00e1rea, as\u00ed como de la Agencia Estatal de Investigaciones, de la Fiscal\u00eda General del Estado, para realizar las diligencias correspondientes.<\/p>\n\n\n\n<p>Pero la violencia tambi\u00e9n ha dejado otras v\u00edctimas en este segundo mes e inicio de a\u00f1o. Este viernes se report\u00f3 la localizaci\u00f3n sin vida de un hombre en matorrales del municipio de San Pedro Ixcatl\u00e1n, y el jueves, un asalto violento con arma de fuego en pleno centro de Tuxtepec.<\/p>\n\n\n\n<p>De forma preliminar, se han registrado por lo menos nueve asesinatos violentos en la regi\u00f3n de la Cuenca; as\u00ed como dos balaceras y la privaci\u00f3n ilegal de una persona que fue rescatada.<\/p>\n","protected":false},"excerpt":{"rendered":"<p>Redacci\u00f3n\/Zona Roja. Oaxaca de Ju\u00e1rez, Oax., 6 de febrero de 2021.- La violencia e inseguridad&hellip;<\/p>\n","protected":false},"author":2,"featured_media":23289,"comment_status":"closed","ping_status":"open","sticky":false,"template":"","format":"standard","meta":{"_lmt_disableupdate":"","_lmt_disable":"","_jetpack_memberships_contains_paid_content":false,"footnotes":""},"categories":[109,47],"tags":[118],"class_list":["post-23288","post","type-post","status-publish","format-standard","has-post-thumbnail","hentry","category-minuto-a-minuto","category-zona-gris","tag-san-juan-bautista-tuxtepec"],"jetpack_featured_media_url":"https:\/\/zonaroja.com.mx\/wp-content\/uploads\/2021\/02\/ASesinado-Tux.jpg","jetpack_sharing_enabled":true,"_links":{"self":[{"href":"https:\/\/zonaroja.com.mx\/index.php?rest_route=\/wp\/v2\/posts\/23288","targetHints":{"allow":["GET"]}}],"collection":[{"href":"https:\/\/zonaroja.com.mx\/index.php?rest_route=\/wp\/v2\/posts"}],"about":[{"href":"https:\/\/zonaroja.com.mx\/index.php?rest_route=\/wp\/v2\/types\/post"}],"author":[{"embeddable":true,"href":"https:\/\/zonaroja.com.mx\/index.php?rest_route=\/wp\/v2\/users\/2"}],"replies":[{"embeddable":true,"href":"https:\/\/zonaroja.com.mx\/index.php?rest_route=%2Fwp%2Fv2%2Fcomments&post=23288"}],"version-history":[{"count":1,"href":"https:\/\/zonaroja.com.mx\/index.php?rest_route=\/wp\/v2\/posts\/23288\/revisions"}],"predecessor-version":[{"id":23290,"href":"https:\/\/zonaroja.com.mx\/index.php?rest_route=\/wp\/v2\/posts\/23288\/revisions\/23290"}],"wp:featuredmedia":[{"embeddable":true,"href":"https:\/\/zonaroja.com.mx\/index.php?rest_route=\/wp\/v2\/media\/23289"}],"wp:attachment":[{"href":"https:\/\/zonaroja.com.mx\/index.php?rest_route=%2Fwp%2Fv2%2Fmedia&parent=23288"}],"wp:term":[{"taxonomy":"category","embeddable":true,"href":"https:\/\/zonaroja.com.mx\/index.php?rest_route=%2Fwp%2Fv2%2Fcategories&post=23288"},{"taxonomy":"post_tag","embeddable":true,"href":"https:\/\/zonaroja.com.mx\/index.php?rest_route=%2Fwp%2Fv2%2Ftags&post=23288"}],"curies":[{"name":"wp","href":"https:\/\/api.w.org\/{rel}","templated":true}]}}