{"id":23291,"date":"2021-02-06T14:36:43","date_gmt":"2021-02-06T20:36:43","guid":{"rendered":"http:\/\/www.zonaroja.com.mx\/?p=23291"},"modified":"2021-02-06T14:36:47","modified_gmt":"2021-02-06T20:36:47","slug":"en-juchitan-mujer-arremete-con-la-constitucion-a-quienes-intentaron-cancelar-fiesta","status":"publish","type":"post","link":"https:\/\/zonaroja.com.mx\/?p=23291","title":{"rendered":"En Juchit\u00e1n, mujer arremete con la Constituci\u00f3n a quienes intentaron cancelar fiesta"},"content":{"rendered":"\n<p>Evlin Arag\u00f3n\/Zona Roja.<\/p>\n\n\n\n<p>Oaxaca de Ju\u00e1rez, Oax., 6 de febrero de 2021.- \u201cConstituci\u00f3n mata cualquier cosa. Traigan la orden del juez y ya. Y que venga el presidente municipal\u201d. Eso responde una mujer ante los elementos de la polic\u00eda municipal que se dieron cita en un domicilio de Juchit\u00e1n de Zaragoza donde se realizaba una fiesta, pese a la disposici\u00f3n de no llevar a cabo antes masivo ante el aumento de casos por la pandemia.&nbsp;<\/p>\n\n\n\n<p>Los hechos se difundieron a trav\u00e9s de un video en las redes sociales, donde se evidencia que, de acuerdo con las funciones adquiridas por la polic\u00eda municipal y en el marco de la pandemia, acudieron al lugar donde se report\u00f3 una fiesta, ante lo cual invitaron a la poblaci\u00f3n a no realizar actos con aglomeraciones y expusieron que se han dispuestos detenciones y multas como sanciones para quienes realicen actividades que pongan en riesgo a la poblaci\u00f3n.&nbsp;<\/p>\n\n\n\n<p>Uno de los organizadores de la festividad, con banda de m\u00fasica incluida, fue identificado como Rodrigo Flores Pe\u00f1aloza, integrante de la Asamblea de los Pueblos del Istmo en Defensa de la Tierra y el Territorio, quien tambi\u00e9n se ha opuesto a la instalaci\u00f3n de parques e\u00f3licos.<\/p>\n\n\n\n<p>Los uniformados explicaron que desde el pasado 4 de febrero entr\u00f3 en vigor un reglamento que exhorta a la poblaci\u00f3n suspender fiestas y actos religiosos que provoquen la aglomeraci\u00f3n de personas, debido al alza de contagios por Covid-19 que registra la localidad.&nbsp;<\/p>\n\n\n\n<p>Sin embargo, la mujer argument\u00f3 que la Constituci\u00f3n Pol\u00edtica de M\u00e9xico, en sus art\u00edculos 14 y 16, la ampara a no ser molestada en su propiedad y adem\u00e1s avala la libertad para reunirse con su familia, como parte de su derecho a la libre reuni\u00f3n y esparcimiento.&nbsp;<\/p>\n\n\n\n<p>\u201cLa Constituci\u00f3n es la Carta Magna del pa\u00eds, la Constituci\u00f3n esta hasta arriba que cualquier ordenamiento municipal. Por favor d\u00edgale al presidente municipal que pare primero las campa\u00f1as electorales, que vea que la gente de su pueblo pueda tener acceso a la salud y a la medicina\u201d, dijo.&nbsp;<\/p>\n\n\n\n<p>Ante la amable invitaci\u00f3n de la polic\u00eda municipal de concluir con su actividad y no poner en riesgo de contagio por Covid-19 a ninguna persona, la familia recrimin\u00f3 que sean criminalizadas las fiestas y reuniones familiares, mientras la clase pol\u00edtica hace campa\u00f1as, incluido el presidente municipal, Emilio Montero; la diputada local, Gloria S\u00e1nchez; y el presidente de la Rep\u00fablica, Andr\u00e9s Manuel L\u00f3pez Obrador.\u00a0<\/p>\n\n\n\n<figure class=\"wp-block-embed-twitter wp-block-embed is-type-rich is-provider-twitter\"><div class=\"wp-block-embed__wrapper\">\n<div class=\"twitter-tweet\"><blockquote class=\"twitter-tweet\" data-lang=\"es\"><p lang=\"es\" dir=\"ltr\"><a href=\"https:\/\/twitter.com\/hashtag\/Qu%C3%A9dateEnCasa?src=hash&amp;ref_src=twsrc%5Etfw\">#Qu\u00e9dateEnCasa<\/a><br>\u00bfQu\u00e9 le parece? Con argumentos legales, una familia trataba de impedir que polic\u00edas municipales y la Guardia Nacional les cancelara una fiesta en un domicilio particular de <a href=\"https:\/\/twitter.com\/hashtag\/Juchit%C3%A1n?src=hash&amp;ref_src=twsrc%5Etfw\">#Juchit\u00e1n<\/a> de Zaragoza, <a href=\"https:\/\/twitter.com\/hashtag\/Oaxaca?src=hash&amp;ref_src=twsrc%5Etfw\">#Oaxaca<\/a>, que presenta alto n\u00famero de contagios y decesos por Covid. <a href=\"https:\/\/t.co\/WK2IuAsdI3\">pic.twitter.com\/WK2IuAsdI3<\/a><\/p>&mdash; Zona Roja Oaxaca (@Zona_Roja_Oax) <a href=\"https:\/\/twitter.com\/Zona_Roja_Oax\/status\/1358061345564815360?ref_src=twsrc%5Etfw\">6 de febrero de 2021<\/a><\/blockquote><\/div>\n<\/div><\/figure>\n\n\n\n<p>De ah\u00ed que aseguraron que mientras los actos masivos proselitistas contin\u00faen, su familia tiene todo el derecho a reunirse al interior de su domicilio cumpliendo con las normas establecidas como son el uso del cubrebocas, la sana distancia y el uso del sanitizante, cosa que adem\u00e1s dijeron no sucede con los actos pol\u00edticos.<\/p>\n\n\n\n<p>\u201cRespeten nuestro derecho a la libre reuni\u00f3n, el gobierno lo que est\u00e1 haciendo es prohibirle a la gente todo, sin embargo, no les est\u00e1 diciendo a donde pueden acudir para recibir atenci\u00f3n m\u00e9dica, no hay medicamentos, la gente se est\u00e1 muriendo, aunque vaya al hospital, que adem\u00e1s cobra por el servicio\u201d, refirieron.&nbsp;<\/p>\n\n\n\n<p>Los elementos de la polic\u00eda se limitaron a realizar la invitaci\u00f3n para concluir la actividad y leyeron la disposici\u00f3n reci\u00e9n aprobada, advirtiendo que pasar\u00edan el reporte a sus superiores para que procedieran conforme a la ley.&nbsp;<\/p>\n\n\n\n<p>\u201cSi ustedes vienen a agredir nuestros derechos humanos, procederemos tambi\u00e9n. Nosotros tambi\u00e9n vamos a proceder conforme a derecho\u201d, refiri\u00f3 la familia que en ning\u00fan momento reconoci\u00f3 que incurr\u00eda en una falta y por el contrario se justific\u00f3 con la ley en la mano.&nbsp;<\/p>\n\n\n\n<p>Lo anterior pese a que la pandemia ha dejado dos mil 592 personas fallecidas en la entidad oaxaque\u00f1a, 412 en regi\u00f3n del Istmo de Tehuantepec.&nbsp;<\/p>\n\n\n\n<p>Dicha cifra no ha impedido que las fiestas y reuniones contin\u00faen en la entidad, pese al riesgo que significan tal y como qued\u00f3 de manifiesto en la localidad de San Juan del R\u00edo, Cho\u00e1pam, cuya festividad dej\u00f3 400 personas contagiadas por el virus SARS COv2, 14 hospitalizadas y 12 fallecidas, de acuerdo con lo expuesto por la propia autoridad municipal.&nbsp;<\/p>\n","protected":false},"excerpt":{"rendered":"<p>Evlin Arag\u00f3n\/Zona Roja. Oaxaca de Ju\u00e1rez, Oax., 6 de febrero de 2021.- \u201cConstituci\u00f3n mata cualquier&hellip;<\/p>\n","protected":false},"author":2,"featured_media":23292,"comment_status":"closed","ping_status":"open","sticky":false,"template":"","format":"standard","meta":{"_lmt_disableupdate":"","_lmt_disable":"","_jetpack_memberships_contains_paid_content":false,"footnotes":""},"categories":[109,47],"tags":[123],"class_list":["post-23291","post","type-post","status-publish","format-standard","has-post-thumbnail","hentry","category-minuto-a-minuto","category-zona-gris","tag-juchitan-de-zaragoza"],"jetpack_featured_media_url":"https:\/\/zonaroja.com.mx\/wp-content\/uploads\/2021\/02\/Fiesta-Juchitan-1.jpg","jetpack_sharing_enabled":true,"_links":{"self":[{"href":"https:\/\/zonaroja.com.mx\/index.php?rest_route=\/wp\/v2\/posts\/23291","targetHints":{"allow":["GET"]}}],"collection":[{"href":"https:\/\/zonaroja.com.mx\/index.php?rest_route=\/wp\/v2\/posts"}],"about":[{"href":"https:\/\/zonaroja.com.mx\/index.php?rest_route=\/wp\/v2\/types\/post"}],"author":[{"embeddable":true,"href":"https:\/\/zonaroja.com.mx\/index.php?rest_route=\/wp\/v2\/users\/2"}],"replies":[{"embeddable":true,"href":"https:\/\/zonaroja.com.mx\/index.php?rest_route=%2Fwp%2Fv2%2Fcomments&post=23291"}],"version-history":[{"count":1,"href":"https:\/\/zonaroja.com.mx\/index.php?rest_route=\/wp\/v2\/posts\/23291\/revisions"}],"predecessor-version":[{"id":23293,"href":"https:\/\/zonaroja.com.mx\/index.php?rest_route=\/wp\/v2\/posts\/23291\/revisions\/23293"}],"wp:featuredmedia":[{"embeddable":true,"href":"https:\/\/zonaroja.com.mx\/index.php?rest_route=\/wp\/v2\/media\/23292"}],"wp:attachment":[{"href":"https:\/\/zonaroja.com.mx\/index.php?rest_route=%2Fwp%2Fv2%2Fmedia&parent=23291"}],"wp:term":[{"taxonomy":"category","embeddable":true,"href":"https:\/\/zonaroja.com.mx\/index.php?rest_route=%2Fwp%2Fv2%2Fcategories&post=23291"},{"taxonomy":"post_tag","embeddable":true,"href":"https:\/\/zonaroja.com.mx\/index.php?rest_route=%2Fwp%2Fv2%2Ftags&post=23291"}],"curies":[{"name":"wp","href":"https:\/\/api.w.org\/{rel}","templated":true}]}}