{"id":23301,"date":"2021-02-06T19:06:51","date_gmt":"2021-02-07T01:06:51","guid":{"rendered":"https:\/\/www.zonaroja.com.mx\/?p=23301"},"modified":"2021-02-06T19:06:53","modified_gmt":"2021-02-07T01:06:53","slug":"desaparicion-de-jovenes-en-oaxaca-una-constante-tambien-en-2021","status":"publish","type":"post","link":"https:\/\/zonaroja.com.mx\/?p=23301","title":{"rendered":"Desaparici\u00f3n de j\u00f3venes en Oaxaca, una constante tambi\u00e9n en 2021"},"content":{"rendered":"\n<p>Evlin Arag\u00f3n\/Zona Roja. <\/p>\n\n\n\n<p>Oaxaca de Ju\u00e1rez, Oax., 6 de febrero de 2021.- Saira Vel\u00e1zquez Su\u00e1rez, es la m\u00e1s reciente joven reportada como desaparecida. Tiene 15 a\u00f1os y fue vista por \u00faltima vez el pasado martes, 2 de febrero, en el barrio de Juquilita, perteneciente al municipio de San Pedro Pochutla.  <\/p>\n\n\n\n<p>Al momento de salir de casa vest\u00eda una playera de manga corta, color negro y con estampado de una frase en color rosa; short de mezclilla, color azul y rasgado; as\u00ed como unas sandalias color negro, con forma de gato, ello de acuerdo con la ficha emitida por la Unidad de B\u00fasqueda de Personas Desaparecidas y No Localizadas, de la Fiscal\u00eda General del Estado. <\/p>\n\n\n\n<p>Lamentablemente no es la \u00fanica joven que se encuentra en calidad de desaparecida, tambi\u00e9n Perla Jatziri Barcenas S\u00e1nchez, de 17 a\u00f1os de edad, ha sido reportada por sus familiares, luego de ser vista por \u00faltima vez el 31 de enero en el barrio Guadalupe de Santiago Tamazola.&nbsp;<\/p>\n\n\n\n<p>A la lista se suman otras tres mujeres desaparecidas en el mes de enero y que a\u00fan no han ido localizadas: Alexandra Garc\u00eda Cruz, de 20 a\u00f1os, vista por \u00faltima en Asunci\u00f3n Ixtaltepec; Mariana Hern\u00e1ndez Vald\u00e9z, de 16 a\u00f1os de edad, desaparecida en Santiago Pinotepa Nacional; y Brisa del Mar Valdivieso de Dios, de 16 a\u00f1os de edad, vista por \u00faltima en Juchit\u00e1n de Zaragoza.&nbsp;<\/p>\n\n\n\n<p>As\u00ed mismo do mujeres adultas: Mar\u00eda Dur\u00e1n Garc\u00eda, de 54 a\u00f1os de edad, quien fue vista por \u00faltima vez en la colonia Azucenas, en San Mart\u00edn Mexic\u00e1pam; y Consuelo Cruz Cruz, de 85 a\u00f1os de edad, quien fue vista por \u00faltima vez en el municipio de San Pablo Yaganiza, Villa Alta, ambas desaparecidas a inicios del mes de febrero.   <\/p>\n\n\n\n<p>Los varones no son ajenos a dicha problem\u00e1tica y hasta el momento se encuentran en calidad de no localizados: Josu\u00e9 Rub\u00e9n Balseca Bernal, de 32 a\u00f1os, visto por \u00faltima vez en la colonia El Rosario de Santa Mar\u00eda Jalapa del Marqu\u00e9s; Pablo Franco Cruz Santiago, de 35 a\u00f1os, en Guadalupe Hidalgo, Etla;  Genaro Crisp\u00edn Ru\u00edz, de 27 a\u00f1os, en la Central de Abasto; y Aldo Gonz\u00e1lez Aguirre, de 22 a\u00f1os de edad, desaparecido en la ciudad de Oaxaca, desde el 2013. <\/p>\n\n\n\n<p>Menci\u00f3n aparte merece Sebasti\u00e1n Pacheco Solano, de tan solo siete a\u00f1os de edad, quien fue visto por \u00faltima vez <a href=\"\/\/8\">el 23 de septiembre<\/a> en el barrio Cheguido, San Miguel Chimalapas, y hasta la fecha se desconoce su paradero.  <\/p>\n","protected":false},"excerpt":{"rendered":"<p>Evlin Arag\u00f3n\/Zona Roja. Oaxaca de Ju\u00e1rez, Oax., 6 de febrero de 2021.- Saira Vel\u00e1zquez Su\u00e1rez,&hellip;<\/p>\n","protected":false},"author":2,"featured_media":23300,"comment_status":"closed","ping_status":"open","sticky":false,"template":"","format":"standard","meta":{"_lmt_disableupdate":"","_lmt_disable":"","_jetpack_memberships_contains_paid_content":false,"footnotes":""},"categories":[109,47],"tags":[455],"class_list":["post-23301","post","type-post","status-publish","format-standard","has-post-thumbnail","hentry","category-minuto-a-minuto","category-zona-gris","tag-mujeres-desaparecidas-oaxaca"],"jetpack_featured_media_url":"https:\/\/zonaroja.com.mx\/wp-content\/uploads\/2021\/02\/img_0505.jpg","jetpack_sharing_enabled":true,"_links":{"self":[{"href":"https:\/\/zonaroja.com.mx\/index.php?rest_route=\/wp\/v2\/posts\/23301","targetHints":{"allow":["GET"]}}],"collection":[{"href":"https:\/\/zonaroja.com.mx\/index.php?rest_route=\/wp\/v2\/posts"}],"about":[{"href":"https:\/\/zonaroja.com.mx\/index.php?rest_route=\/wp\/v2\/types\/post"}],"author":[{"embeddable":true,"href":"https:\/\/zonaroja.com.mx\/index.php?rest_route=\/wp\/v2\/users\/2"}],"replies":[{"embeddable":true,"href":"https:\/\/zonaroja.com.mx\/index.php?rest_route=%2Fwp%2Fv2%2Fcomments&post=23301"}],"version-history":[{"count":1,"href":"https:\/\/zonaroja.com.mx\/index.php?rest_route=\/wp\/v2\/posts\/23301\/revisions"}],"predecessor-version":[{"id":23302,"href":"https:\/\/zonaroja.com.mx\/index.php?rest_route=\/wp\/v2\/posts\/23301\/revisions\/23302"}],"wp:featuredmedia":[{"embeddable":true,"href":"https:\/\/zonaroja.com.mx\/index.php?rest_route=\/wp\/v2\/media\/23300"}],"wp:attachment":[{"href":"https:\/\/zonaroja.com.mx\/index.php?rest_route=%2Fwp%2Fv2%2Fmedia&parent=23301"}],"wp:term":[{"taxonomy":"category","embeddable":true,"href":"https:\/\/zonaroja.com.mx\/index.php?rest_route=%2Fwp%2Fv2%2Fcategories&post=23301"},{"taxonomy":"post_tag","embeddable":true,"href":"https:\/\/zonaroja.com.mx\/index.php?rest_route=%2Fwp%2Fv2%2Ftags&post=23301"}],"curies":[{"name":"wp","href":"https:\/\/api.w.org\/{rel}","templated":true}]}}