{"id":23303,"date":"2021-02-06T20:25:54","date_gmt":"2021-02-07T02:25:54","guid":{"rendered":"http:\/\/www.zonaroja.com.mx\/?p=23303"},"modified":"2021-02-06T20:25:58","modified_gmt":"2021-02-07T02:25:58","slug":"y-encinas-presume-logros-de-visita-a-oaxaca-sin-acudir-a-la-zona-triqui","status":"publish","type":"post","link":"https:\/\/zonaroja.com.mx\/?p=23303","title":{"rendered":"Y Encinas presume logros de visita a Oaxaca\u2026 sin acudir a la zona Triqui"},"content":{"rendered":"\n<p>Ismael Garc\u00eda M.\/Zona Roja.<\/p>\n\n\n\n<p>Oaxaca de Ju\u00e1rez, Oax., 6 de febrero de 2021.- El subsecretario de Derechos Humanos, Poblaci\u00f3n y Migraci\u00f3n de la Secretar\u00eda de Gobernaci\u00f3n (Segob), Alejandro Encinas Rodr\u00edguez, presumi\u00f3 en un comunicado los resultados de las reuniones que tuvo en Oaxaca para atender la problem\u00e1tica en la zona Triqui\u2026 pero sin visitar la regi\u00f3n.<\/p>\n\n\n\n<p>Este s\u00e1bado, la Segob emiti\u00f3 un bolet\u00edn de prensa, con n\u00famero 041\/2021, en que detall\u00f3 la serie de reuniones que tuvo en la capital, sin comprometer a las autoridades de Oaxaca ni detallar las omisiones en que ha incurrido el gobierno de Alejandro Murat Hinojosa.<\/p>\n\n\n\n<p>\u201c\u2026reitera el llamado a dialogar entre todos los actores del conflicto para encontrar una soluci\u00f3n duradera que ponga en el centro la paz y el bienestar de las personas y sus comunidades\u201d, expone.<\/p>\n\n\n\n<p>Informa que el pasado 25 de enero recibi\u00f3 a un grupo de habitantes de Tierra Blanca Copala en la Ciudad de M\u00e9xico, quienes le denunciaron ataques armados en la zona.<\/p>\n\n\n\n<p>El 3 y 4 de febrero, Encinas Rodr\u00edguez estuvo en Oaxaca \u201cpara coordinar el di\u00e1logo con los diferentes actores estatales y municipales para atender en coordinaci\u00f3n la problem\u00e1tica\u201d, sin concretar una mesa de paz, como lo han pedido las comunidades y organizaciones de la etnia Triqui.<\/p>\n\n\n\n<p>S\u00f3lo detalla que se reuni\u00f3 con el gobernador Alejandro Murat, \u201ccon quien se estableci\u00f3 un acuerdo de colaboraci\u00f3n entre el gobierno federal y estatal para atender de forma inmediata a las v\u00edctimas desplazadas, otorgando alimentaci\u00f3n y seguridad\u201d.<\/p>\n\n\n\n<p>\u201cReuniones y comunicaci\u00f3n con las distintas organizaciones de la regi\u00f3n Triqui para definir los criterios y compromisos para construir la paz\u201d, expone.<\/p>\n\n\n\n<p>Sin embargo, hasta el momento no hay ninguna persona detenida por el desplazamiento de m\u00e1s de 500 personas de Tierra Blanca; el asesinato de dos personas; lesiones a varias m\u00e1s; denuncias de grupos armados, entre otros.<\/p>\n\n\n\n<p>\u00danicamente, cumpli\u00f3 con informar a la Fiscal\u00eda General de la Rep\u00fablica (FGR) el inter\u00e9s de las v\u00edctimas de que atraiga el caso de los recientes homicidios, \u201cdecisi\u00f3n que est\u00e1 en manos de dicha instituci\u00f3n como organismo aut\u00f3nomo\u201d, remarca.<\/p>\n\n\n\n<p>\u201c\u00bfY la atenci\u00f3n a las comunidades Triquis desplazadas? \u00bfY el desarme? \u00bfY la justicia?, cierto, son Triquis y a pocos les importan\u201d, cuestion\u00f3 la activista Frida Guerrera, quien ha acompa\u00f1ado a las v\u00edctimas de la zona.<\/p>\n","protected":false},"excerpt":{"rendered":"<p>Ismael Garc\u00eda M.\/Zona Roja. Oaxaca de Ju\u00e1rez, Oax., 6 de febrero de 2021.- El subsecretario&hellip;<\/p>\n","protected":false},"author":2,"featured_media":23304,"comment_status":"closed","ping_status":"open","sticky":false,"template":"","format":"standard","meta":{"_lmt_disableupdate":"","_lmt_disable":"","_jetpack_memberships_contains_paid_content":false,"footnotes":""},"categories":[109,47],"tags":[1712],"class_list":["post-23303","post","type-post","status-publish","format-standard","has-post-thumbnail","hentry","category-minuto-a-minuto","category-zona-gris","tag-tierra-blanca-copala"],"jetpack_featured_media_url":"https:\/\/zonaroja.com.mx\/wp-content\/uploads\/2021\/02\/Triquis-Tierra-Blanca.jpg","jetpack_sharing_enabled":true,"_links":{"self":[{"href":"https:\/\/zonaroja.com.mx\/index.php?rest_route=\/wp\/v2\/posts\/23303","targetHints":{"allow":["GET"]}}],"collection":[{"href":"https:\/\/zonaroja.com.mx\/index.php?rest_route=\/wp\/v2\/posts"}],"about":[{"href":"https:\/\/zonaroja.com.mx\/index.php?rest_route=\/wp\/v2\/types\/post"}],"author":[{"embeddable":true,"href":"https:\/\/zonaroja.com.mx\/index.php?rest_route=\/wp\/v2\/users\/2"}],"replies":[{"embeddable":true,"href":"https:\/\/zonaroja.com.mx\/index.php?rest_route=%2Fwp%2Fv2%2Fcomments&post=23303"}],"version-history":[{"count":1,"href":"https:\/\/zonaroja.com.mx\/index.php?rest_route=\/wp\/v2\/posts\/23303\/revisions"}],"predecessor-version":[{"id":23305,"href":"https:\/\/zonaroja.com.mx\/index.php?rest_route=\/wp\/v2\/posts\/23303\/revisions\/23305"}],"wp:featuredmedia":[{"embeddable":true,"href":"https:\/\/zonaroja.com.mx\/index.php?rest_route=\/wp\/v2\/media\/23304"}],"wp:attachment":[{"href":"https:\/\/zonaroja.com.mx\/index.php?rest_route=%2Fwp%2Fv2%2Fmedia&parent=23303"}],"wp:term":[{"taxonomy":"category","embeddable":true,"href":"https:\/\/zonaroja.com.mx\/index.php?rest_route=%2Fwp%2Fv2%2Fcategories&post=23303"},{"taxonomy":"post_tag","embeddable":true,"href":"https:\/\/zonaroja.com.mx\/index.php?rest_route=%2Fwp%2Fv2%2Ftags&post=23303"}],"curies":[{"name":"wp","href":"https:\/\/api.w.org\/{rel}","templated":true}]}}