{"id":23307,"date":"2021-02-06T21:16:05","date_gmt":"2021-02-07T03:16:05","guid":{"rendered":"http:\/\/www.zonaroja.com.mx\/?p=23307"},"modified":"2021-02-06T21:16:08","modified_gmt":"2021-02-07T03:16:08","slug":"plagia-y-altera-gobierno-de-mexico-una-caricatura-para-resaltar-a-amlo","status":"publish","type":"post","link":"https:\/\/zonaroja.com.mx\/?p=23307","title":{"rendered":"Plagia y altera gobierno de M\u00e9xico una caricatura, para resaltar a AMLO"},"content":{"rendered":"\n<p>Redacci\u00f3n\/Zona Roja Cdmx.<\/p>\n\n\n\n<p>Ciudad de M\u00e9xico, 6 de febrero de 2021.- El gobierno de M\u00e9xico tom\u00f3 sin autorizaci\u00f3n del autor una caricatura, en la que exalta la lucha de Andr\u00e9s Manuel L\u00f3pez Obrador contra el Covid-19, la modific\u00f3 y la public\u00f3 en sus redes sociales.<\/p>\n\n\n\n<p>Se trata del cart\u00f3n de Rafael Pineda, m\u00e1s conocido como \u201cMonero Rap\u00e9\u201d,&nbsp; quien lament\u00f3 y desaprob\u00f3 el hecho.<\/p>\n\n\n\n<p>La caricatura muestra a un Presidente de M\u00e9xico bateando y la bola asemeja la imagen de un coronavirus, analog\u00eda con la que quiso resaltar la victoria de L\u00f3pez Obrador sobre la enfermedad, a partir del deporte que le apasiona, el b\u00e9isbol.<\/p>\n\n\n\n<p>El caricaturista aclar\u00f3 tambi\u00e9n en redes sociales que la imagen no correspond\u00eda a su trabajo original, que se public\u00f3 por primera vez en el diario \u201cMilenio\u201d en 2018.<\/p>\n\n\n\n<p>\u201cEs mi deber aclarar que yo no autoric\u00e9 que se publicara este cart\u00f3n desde la cuenta del @GobiernoMX, ya que no es el original, publicado por primera vez en @Milenio en 2018\u201d, escribi\u00f3 en Twitter, donde comparti\u00f3 la liga de dicha publicaci\u00f3n, bajo el t\u00edtulo \u201cA volar\u201d.<\/p>\n\n\n\n<p>M\u00e1s tarde, el \u201cMonero Rap\u00e9\u201d inform\u00f3 que el gobierno mexicano respondi\u00f3 a su petici\u00f3n y elimin\u00f3 el cart\u00f3n alterado.<\/p>\n\n\n\n<p>\u201cMuchas gracias a @GobiernoMX por responder a mi petici\u00f3n y eliminar el cart\u00f3n reclamado. Procedo a borrar los mensajes que lo se\u00f1alaron. Me aseguran que as\u00ed de alterado fue como lo encontraron en redes\u201d, expuso.<\/p>\n\n\n\n<p>El Gobierno de la Rep\u00fablica no emiti\u00f3 mayor explicaci\u00f3n al respecto ni se disculp\u00f3 con el cartonista.<\/p>\n","protected":false},"excerpt":{"rendered":"<p>Redacci\u00f3n\/Zona Roja Cdmx. Ciudad de M\u00e9xico, 6 de febrero de 2021.- El gobierno de M\u00e9xico&hellip;<\/p>\n","protected":false},"author":2,"featured_media":23308,"comment_status":"closed","ping_status":"open","sticky":false,"template":"","format":"standard","meta":{"_lmt_disableupdate":"","_lmt_disable":"","_jetpack_memberships_contains_paid_content":false,"footnotes":""},"categories":[109,47],"tags":[143],"class_list":["post-23307","post","type-post","status-publish","format-standard","has-post-thumbnail","hentry","category-minuto-a-minuto","category-zona-gris","tag-andres-manuel-lopez-obrador"],"jetpack_featured_media_url":"https:\/\/zonaroja.com.mx\/wp-content\/uploads\/2021\/02\/Caricatura-Monero-Rape.jpg","jetpack_sharing_enabled":true,"_links":{"self":[{"href":"https:\/\/zonaroja.com.mx\/index.php?rest_route=\/wp\/v2\/posts\/23307","targetHints":{"allow":["GET"]}}],"collection":[{"href":"https:\/\/zonaroja.com.mx\/index.php?rest_route=\/wp\/v2\/posts"}],"about":[{"href":"https:\/\/zonaroja.com.mx\/index.php?rest_route=\/wp\/v2\/types\/post"}],"author":[{"embeddable":true,"href":"https:\/\/zonaroja.com.mx\/index.php?rest_route=\/wp\/v2\/users\/2"}],"replies":[{"embeddable":true,"href":"https:\/\/zonaroja.com.mx\/index.php?rest_route=%2Fwp%2Fv2%2Fcomments&post=23307"}],"version-history":[{"count":1,"href":"https:\/\/zonaroja.com.mx\/index.php?rest_route=\/wp\/v2\/posts\/23307\/revisions"}],"predecessor-version":[{"id":23309,"href":"https:\/\/zonaroja.com.mx\/index.php?rest_route=\/wp\/v2\/posts\/23307\/revisions\/23309"}],"wp:featuredmedia":[{"embeddable":true,"href":"https:\/\/zonaroja.com.mx\/index.php?rest_route=\/wp\/v2\/media\/23308"}],"wp:attachment":[{"href":"https:\/\/zonaroja.com.mx\/index.php?rest_route=%2Fwp%2Fv2%2Fmedia&parent=23307"}],"wp:term":[{"taxonomy":"category","embeddable":true,"href":"https:\/\/zonaroja.com.mx\/index.php?rest_route=%2Fwp%2Fv2%2Fcategories&post=23307"},{"taxonomy":"post_tag","embeddable":true,"href":"https:\/\/zonaroja.com.mx\/index.php?rest_route=%2Fwp%2Fv2%2Ftags&post=23307"}],"curies":[{"name":"wp","href":"https:\/\/api.w.org\/{rel}","templated":true}]}}