{"id":23314,"date":"2021-02-07T07:47:41","date_gmt":"2021-02-07T13:47:41","guid":{"rendered":"http:\/\/www.zonaroja.com.mx\/?p=23314"},"modified":"2021-02-07T07:47:44","modified_gmt":"2021-02-07T13:47:44","slug":"oaxaca-con-ligero-descenso-en-aprobacion-a-amlo-pero-sigue-en-primeros-lugares","status":"publish","type":"post","link":"https:\/\/zonaroja.com.mx\/?p=23314","title":{"rendered":"Oaxaca, con ligero descenso en aprobaci\u00f3n a AMLO, pero sigue en primeros lugares"},"content":{"rendered":"\n<p>Yuridiana Sosa\/Zona Roja.<\/p>\n\n\n\n<p>Oaxaca de Ju\u00e1rez, Oax., 7 de febrero de 2021.- De forma consecutiva, Oaxaca se posiciona como la tercera entidad con mayor aprobaci\u00f3n al gobierno federal que encabeza el Presidente Andr\u00e9s Manuel L\u00f3pez Obrador, a pesar de una ligera disminuci\u00f3n en su porcentaje.<\/p>\n\n\n\n<p>La encuesta Mitofsky, con resultados de enero de 2021, revel\u00f3 que el 72.5 por ciento de la poblaci\u00f3n en Oaxaca est\u00e1 de acuerdo con la administraci\u00f3n de L\u00f3pez Obrador, mientras que, en el test anterior, result\u00f3 con el 72.7 por ciento a favor.<\/p>\n\n\n\n<p>En la entidad, el promedio a favor del Presidente de la Rep\u00fablica se ha incrementado de forma importante a partir de noviembre, con el 70.4 por ciento, para continuar con cifras mayores al cierre del 2020 e inicio del 2021.<\/p>\n\n\n\n<p>Por encima de Oaxaca, siguen los estados de Tabasco con el primero y Guerrero en segundo lugar, con un promedio de 76.4 por ciento y 73.7 por ciento respectivamente.<\/p>\n\n\n\n<p>A nivel nacional, el Presidente Andr\u00e9s Manuel L\u00f3pez Obrador aument\u00f3 su nivel de aprobaci\u00f3n, de 58 por ciento en diciembre al 60 por ciento en enero de 2021.<\/p>\n\n\n\n<p>Es el sector de la ocupaci\u00f3n informal el que mostr\u00f3 mayor aprobaci\u00f3n en enero, con un promedio de 72.5 por ciento y 26.9 en desacuerdo, por el contrario, el sector productivo con menor aceptaci\u00f3n es de empresarios, con 60.4 por ciento y s\u00f3lo el 39.4 por ciento de aprobaci\u00f3n.<\/p>\n","protected":false},"excerpt":{"rendered":"<p>Yuridiana Sosa\/Zona Roja. Oaxaca de Ju\u00e1rez, Oax., 7 de febrero de 2021.- De forma consecutiva,&hellip;<\/p>\n","protected":false},"author":2,"featured_media":23315,"comment_status":"closed","ping_status":"open","sticky":false,"template":"","format":"standard","meta":{"_lmt_disableupdate":"","_lmt_disable":"","_jetpack_memberships_contains_paid_content":false,"footnotes":""},"categories":[109,46],"tags":[143],"class_list":["post-23314","post","type-post","status-publish","format-standard","has-post-thumbnail","hentry","category-minuto-a-minuto","category-zona-blanca","tag-andres-manuel-lopez-obrador"],"jetpack_featured_media_url":"https:\/\/zonaroja.com.mx\/wp-content\/uploads\/2021\/02\/Andres-Manuel-Lopez-Obrador.jpg","jetpack_sharing_enabled":true,"_links":{"self":[{"href":"https:\/\/zonaroja.com.mx\/index.php?rest_route=\/wp\/v2\/posts\/23314","targetHints":{"allow":["GET"]}}],"collection":[{"href":"https:\/\/zonaroja.com.mx\/index.php?rest_route=\/wp\/v2\/posts"}],"about":[{"href":"https:\/\/zonaroja.com.mx\/index.php?rest_route=\/wp\/v2\/types\/post"}],"author":[{"embeddable":true,"href":"https:\/\/zonaroja.com.mx\/index.php?rest_route=\/wp\/v2\/users\/2"}],"replies":[{"embeddable":true,"href":"https:\/\/zonaroja.com.mx\/index.php?rest_route=%2Fwp%2Fv2%2Fcomments&post=23314"}],"version-history":[{"count":1,"href":"https:\/\/zonaroja.com.mx\/index.php?rest_route=\/wp\/v2\/posts\/23314\/revisions"}],"predecessor-version":[{"id":23316,"href":"https:\/\/zonaroja.com.mx\/index.php?rest_route=\/wp\/v2\/posts\/23314\/revisions\/23316"}],"wp:featuredmedia":[{"embeddable":true,"href":"https:\/\/zonaroja.com.mx\/index.php?rest_route=\/wp\/v2\/media\/23315"}],"wp:attachment":[{"href":"https:\/\/zonaroja.com.mx\/index.php?rest_route=%2Fwp%2Fv2%2Fmedia&parent=23314"}],"wp:term":[{"taxonomy":"category","embeddable":true,"href":"https:\/\/zonaroja.com.mx\/index.php?rest_route=%2Fwp%2Fv2%2Fcategories&post=23314"},{"taxonomy":"post_tag","embeddable":true,"href":"https:\/\/zonaroja.com.mx\/index.php?rest_route=%2Fwp%2Fv2%2Ftags&post=23314"}],"curies":[{"name":"wp","href":"https:\/\/api.w.org\/{rel}","templated":true}]}}