{"id":23320,"date":"2021-02-07T12:34:59","date_gmt":"2021-02-07T18:34:59","guid":{"rendered":"http:\/\/www.zonaroja.com.mx\/?p=23320"},"modified":"2021-02-07T12:35:03","modified_gmt":"2021-02-07T18:35:03","slug":"asesinan-a-un-individuo-en-puerto-escondido-otro-en-jalapa-de-diaz","status":"publish","type":"post","link":"https:\/\/zonaroja.com.mx\/?p=23320","title":{"rendered":"Asesinan a un individuo en Puerto Escondido; otro en Jalapa de D\u00edaz"},"content":{"rendered":"\n<p>Ismael Garc\u00eda M.\/Zona Roja. Foto: Cortes\u00eda<\/p>\n\n\n\n<p>Oaxaca de Ju\u00e1rez, Oax., 7 de febrero de 2021.- A dos d\u00edas de haber sido ejecutada una mujer en el destino tur\u00edstico de Puerto Escondido, la ma\u00f1ana de este domingo fue ultimado a balazos un individuo.<\/p>\n\n\n\n<p>El crimen se perpetr\u00f3 en la calle S\u00e9ptima Poniente casi esquina con Primera Sur, de dicha agencia municipal perteneciente al municipio de San Pedro Mixtepec, Oaxaca.<\/p>\n\n\n\n<p>La v\u00edctima fue identificada como C\u00e9sar Bustamante Mart\u00ednez, de 36 a\u00f1os de edad, y hasta el momento no hay personas detenidas por este caso.<\/p>\n\n\n\n<p>Por otra parte, en la comunidad de Paso del Toro, perteneciente al municipio de San Felipe Jalapa de D\u00edaz, en la regi\u00f3n de la Cuenca, fue ultimado otro individuo.<\/p>\n\n\n\n<p>El hombre fue identificado como Isaac Castro Ram\u00edrez, cuyo cuerpo presenta diversos disparos de arma de fuego. En ambos casos no se reporta detenci\u00f3n de persona alguna.<\/p>\n","protected":false},"excerpt":{"rendered":"<p>Ismael Garc\u00eda M.\/Zona Roja. Foto: Cortes\u00eda Oaxaca de Ju\u00e1rez, Oax., 7 de febrero de 2021.-&hellip;<\/p>\n","protected":false},"author":2,"featured_media":23321,"comment_status":"closed","ping_status":"open","sticky":false,"template":"","format":"standard","meta":{"_lmt_disableupdate":"","_lmt_disable":"","_jetpack_memberships_contains_paid_content":false,"footnotes":""},"categories":[109,51],"tags":[590],"class_list":["post-23320","post","type-post","status-publish","format-standard","has-post-thumbnail","hentry","category-minuto-a-minuto","category-zona-roja","tag-puerto-escondido"],"jetpack_featured_media_url":"https:\/\/zonaroja.com.mx\/wp-content\/uploads\/2021\/02\/Ejecutado-Puerto-Escondido.jpg","jetpack_sharing_enabled":true,"_links":{"self":[{"href":"https:\/\/zonaroja.com.mx\/index.php?rest_route=\/wp\/v2\/posts\/23320","targetHints":{"allow":["GET"]}}],"collection":[{"href":"https:\/\/zonaroja.com.mx\/index.php?rest_route=\/wp\/v2\/posts"}],"about":[{"href":"https:\/\/zonaroja.com.mx\/index.php?rest_route=\/wp\/v2\/types\/post"}],"author":[{"embeddable":true,"href":"https:\/\/zonaroja.com.mx\/index.php?rest_route=\/wp\/v2\/users\/2"}],"replies":[{"embeddable":true,"href":"https:\/\/zonaroja.com.mx\/index.php?rest_route=%2Fwp%2Fv2%2Fcomments&post=23320"}],"version-history":[{"count":1,"href":"https:\/\/zonaroja.com.mx\/index.php?rest_route=\/wp\/v2\/posts\/23320\/revisions"}],"predecessor-version":[{"id":23322,"href":"https:\/\/zonaroja.com.mx\/index.php?rest_route=\/wp\/v2\/posts\/23320\/revisions\/23322"}],"wp:featuredmedia":[{"embeddable":true,"href":"https:\/\/zonaroja.com.mx\/index.php?rest_route=\/wp\/v2\/media\/23321"}],"wp:attachment":[{"href":"https:\/\/zonaroja.com.mx\/index.php?rest_route=%2Fwp%2Fv2%2Fmedia&parent=23320"}],"wp:term":[{"taxonomy":"category","embeddable":true,"href":"https:\/\/zonaroja.com.mx\/index.php?rest_route=%2Fwp%2Fv2%2Fcategories&post=23320"},{"taxonomy":"post_tag","embeddable":true,"href":"https:\/\/zonaroja.com.mx\/index.php?rest_route=%2Fwp%2Fv2%2Ftags&post=23320"}],"curies":[{"name":"wp","href":"https:\/\/api.w.org\/{rel}","templated":true}]}}