{"id":23328,"date":"2021-02-07T18:53:58","date_gmt":"2021-02-08T00:53:58","guid":{"rendered":"http:\/\/www.zonaroja.com.mx\/?p=23328"},"modified":"2021-02-07T18:54:02","modified_gmt":"2021-02-08T00:54:02","slug":"ejecutan-a-individuo-en-su-vehiculo-en-huamelula-oaxaca","status":"publish","type":"post","link":"https:\/\/zonaroja.com.mx\/?p=23328","title":{"rendered":"Ejecutan a individuo en su veh\u00edculo, en Huamelula, Oaxaca"},"content":{"rendered":"\n<p>Ismael Garc\u00eda M.\/Zona Roja.<\/p>\n\n\n\n<p>Oaxaca de Ju\u00e1rez, Oax., 7 de febrero de 2021.- Un segundo crimen fue perpetrado este domingo, ahora en jurisdicci\u00f3n San Pedro Huamelula, municipio de la regi\u00f3n del Istmo de Oaxaca.<\/p>\n\n\n\n<p>Fue a la altura del crucero de la carretera federal 200, Salina Cruz-Pinotepa Nacional, a la entrada de la comunidad de Guadalupe Victoria, en que fue localizada una camioneta marca Jeep, color verde olivo, con placas de circulaci\u00f3n CJ-76451, que presenta al menos 12 impactos de arma de fuego.<\/p>\n\n\n\n<p>En el interior se hall\u00f3 a un individuo que fue identificado de manera preliminar como Frankie Daniel Z\u00e1rate Guerra, de 43 a\u00f1os de edad, de acuerdo con datos de elementos de la Agencia Estatal de Investigaciones (AEI).<\/p>\n\n\n\n<p>Otra persona result\u00f3 herida de bala pero se retir\u00f3 por sus propios medios, por lo cual a\u00fan no ha sido identificada. Hasta el momento no se tiene establecido el m\u00f3vil del asesinato as\u00ed como el o los probables agresores.<\/p>\n","protected":false},"excerpt":{"rendered":"<p>Ismael Garc\u00eda M.\/Zona Roja. Oaxaca de Ju\u00e1rez, Oax., 7 de febrero de 2021.- Un segundo&hellip;<\/p>\n","protected":false},"author":2,"featured_media":23329,"comment_status":"closed","ping_status":"open","sticky":false,"template":"","format":"standard","meta":{"_lmt_disableupdate":"","_lmt_disable":"","_jetpack_memberships_contains_paid_content":false,"footnotes":""},"categories":[109,47],"tags":[1769],"class_list":["post-23328","post","type-post","status-publish","format-standard","has-post-thumbnail","hentry","category-minuto-a-minuto","category-zona-gris","tag-san-pedro-huamelula"],"jetpack_featured_media_url":"https:\/\/zonaroja.com.mx\/wp-content\/uploads\/2021\/02\/Ejecutado-Huamelula.jpg","jetpack_sharing_enabled":true,"_links":{"self":[{"href":"https:\/\/zonaroja.com.mx\/index.php?rest_route=\/wp\/v2\/posts\/23328","targetHints":{"allow":["GET"]}}],"collection":[{"href":"https:\/\/zonaroja.com.mx\/index.php?rest_route=\/wp\/v2\/posts"}],"about":[{"href":"https:\/\/zonaroja.com.mx\/index.php?rest_route=\/wp\/v2\/types\/post"}],"author":[{"embeddable":true,"href":"https:\/\/zonaroja.com.mx\/index.php?rest_route=\/wp\/v2\/users\/2"}],"replies":[{"embeddable":true,"href":"https:\/\/zonaroja.com.mx\/index.php?rest_route=%2Fwp%2Fv2%2Fcomments&post=23328"}],"version-history":[{"count":1,"href":"https:\/\/zonaroja.com.mx\/index.php?rest_route=\/wp\/v2\/posts\/23328\/revisions"}],"predecessor-version":[{"id":23330,"href":"https:\/\/zonaroja.com.mx\/index.php?rest_route=\/wp\/v2\/posts\/23328\/revisions\/23330"}],"wp:featuredmedia":[{"embeddable":true,"href":"https:\/\/zonaroja.com.mx\/index.php?rest_route=\/wp\/v2\/media\/23329"}],"wp:attachment":[{"href":"https:\/\/zonaroja.com.mx\/index.php?rest_route=%2Fwp%2Fv2%2Fmedia&parent=23328"}],"wp:term":[{"taxonomy":"category","embeddable":true,"href":"https:\/\/zonaroja.com.mx\/index.php?rest_route=%2Fwp%2Fv2%2Fcategories&post=23328"},{"taxonomy":"post_tag","embeddable":true,"href":"https:\/\/zonaroja.com.mx\/index.php?rest_route=%2Fwp%2Fv2%2Ftags&post=23328"}],"curies":[{"name":"wp","href":"https:\/\/api.w.org\/{rel}","templated":true}]}}