{"id":23331,"date":"2021-02-07T20:22:54","date_gmt":"2021-02-08T02:22:54","guid":{"rendered":"http:\/\/www.zonaroja.com.mx\/?p=23331"},"modified":"2021-02-07T20:40:21","modified_gmt":"2021-02-08T02:40:21","slug":"la-discapacidad-no-es-un-limite-es-un-reto-y-oportunidad-victor-de-la-cruz","status":"publish","type":"post","link":"https:\/\/zonaroja.com.mx\/?p=23331","title":{"rendered":"La discapacidad no es un l\u00edmite; es un reto y oportunidad: V\u00edctor de la Cruz"},"content":{"rendered":"\n<p>Evlin Arag\u00f3n\/Zona Roja.<\/p>\n\n\n\n<p>Oaxaca de Ju\u00e1rez, Oax., 7 de febrero de 2021.- V\u00edctor de la Cruz \u00c1ngeles perdi\u00f3 la vista y el olfato desde temprana edad, debido a unos tumores \u00f3pticos. Fue a los 10 a\u00f1os que le diagnosticaron osteogibroma bilaterales en nervios \u00f3pticos, padecimiento irreversible, pese a las ocho intervenciones quir\u00fargicas por las que pas\u00f3.&nbsp;<\/p>\n\n\n\n<p>Hoy en d\u00eda, a sus 38 a\u00f1os, se ha convertido en un experto en educaci\u00f3n especial, dirigida a la poblaci\u00f3n con discapacidad, adem\u00e1s de contar con una amplia trayectoria en las artes marciales, disciplina en donde su ceguera nunca fue un impedimento, ni siquiera para competir.&nbsp;<\/p>\n\n\n\n<p>Fue su propia experiencia de no contar con materiales para estudiar y especializarse en alguna disciplina, la que lo llev\u00f3 a buscar, incluso a dise\u00f1ar, materiales para apoyar a otras personas con discapacidad en su proceso de aprendizaje.&nbsp;<\/p>\n\n\n\n<p>Actualmente, el hombre originario de la Ciudad de M\u00e9xico es especialista en educaci\u00f3n y no s\u00f3lo apoya la formaci\u00f3n de personas ciegas, sino tambi\u00e9n de quienes presentan alguna discapacidad cognitiva y autismo, las cuales han podido emprender un proceso educativo particular.&nbsp;<\/p>\n\n\n\n<p>V\u00edctor no s\u00f3lo ense\u00f1a lenguaje de se\u00f1as o Braille, tambi\u00e9n es experto en \u00e1lgebra. Por incre\u00edble que parezca y con el apoyo de un \u00e1baco especial, procedente de China, es capaz de resolver expresiones matem\u00e1ticas abstractas, complejas incluso para quien no tiene problemas de la vista.&nbsp;<\/p>\n\n\n\n<figure class=\"wp-block-embed-twitter wp-block-embed is-type-rich is-provider-twitter\"><div class=\"wp-block-embed__wrapper\">\n<div class=\"twitter-tweet\"><blockquote class=\"twitter-tweet\" data-lang=\"es\"><p lang=\"es\" dir=\"ltr\">\ud83d\udc4f\ud83d\udc4f\ud83d\udc4f\ud83d\udc4f\ud83d\udc4f<br>\u00bfCu\u00e1l discapacidad? <br>(1) Conozca la historia de V\u00edctor, un hombre extraordinario, que venci\u00f3 la discapacidad visual, as\u00ed como a diversos vicios y depresiones en que cay\u00f3 desde la adolescencia. Recientemente visit\u00f3 Oaxaca, donde habl\u00f3 de sus experiencias y labor. <a href=\"https:\/\/t.co\/yiy8dUIPDo\">pic.twitter.com\/yiy8dUIPDo<\/a><\/p>&mdash; Zona Roja Oaxaca (@Zona_Roja_Oax) <a href=\"https:\/\/twitter.com\/Zona_Roja_Oax\/status\/1358503849636593666?ref_src=twsrc%5Etfw\">7 de febrero de 2021<\/a><\/blockquote><\/div>\n<\/div><\/figure>\n\n\n\n<p>El manejo de los n\u00fameros, junto con su dominio de distintos lenguajes y su conocimiento de las leyes en materia de inclusi\u00f3n y no discriminaci\u00f3n le ha permitido desarrollar un proyecto denominado Pcd con Sentidos, mediante el cual apoya a ni\u00f1as, ni\u00f1os, j\u00f3venes e incluso personas adultas, no s\u00f3lo en su educaci\u00f3n sino en la aceptaci\u00f3n de su discapacidad y por el cual fue invitado a Oaxaca recientemente, por la Fundaci\u00f3n Pradillo.&nbsp;<\/p>\n\n\n\n<p>\u201cYo me he topado con ni\u00f1as y ni\u00f1os discriminados, incluso por sus familias, debido a su discapacidad, j\u00f3venes que a\u00fan no aceptan su condici\u00f3n e incluso un adulto mayor a punto del suicidio, entre muchas otras personas que me impulsaron a darle vida al proyecto Pcd con Sentidos, que hoy queremos replicar en todas partes\u00bb, platica a ZONA ROJA.<\/p>\n\n\n\n<p>DEPORTISTA DESTACADO<\/p>\n\n\n\n<p>V\u00edctor no s\u00f3lo ha desbordado sus esfuerzos en la educaci\u00f3n especial, tambi\u00e9n se dio tiempo para dedicarse al deporte de contacto, particularmente a las artes marciales a las cuales lleg\u00f3 por curiosidad y destac\u00f3 debido a su constancia y ganas permanentes de aprender algo nuevo.<\/p>\n\n\n\n<p>Fueron las artes marciales, junto a la religi\u00f3n, las que le ayudaron a superar la perdida de la vista y la frustraci\u00f3n que su discapacidad le gener\u00f3. Al grado de convertirse en campe\u00f3n nacional de karate en control de armas.<\/p>\n\n\n\n<p>La vida de V\u00edctor no fue para nada f\u00e1cil, antes de concentrarse en el deporte el cual tuvo que dejar por cuestiones de salud, experiment\u00f3 una fuerte depresi\u00f3n que lo hundi\u00f3 en el alcoholismo y tabaquismo, e incluso lo llev\u00f3 a pensar en el suicidio, sin embargo, con el respaldo de su familia y de la fe en Jesucristo, desde la iglesia evang\u00e9lica, logr\u00f3 salir adelante.<\/p>\n\n\n\n<figure class=\"wp-block-embed-twitter wp-block-embed is-type-rich is-provider-twitter\"><div class=\"wp-block-embed__wrapper\">\n<div class=\"twitter-tweet\"><blockquote class=\"twitter-tweet\" data-lang=\"es\"><p lang=\"es\" dir=\"ltr\">\u00bfCu\u00e1l discapacidad?<br>(2) Tras la reconversi\u00f3n en su vida, V\u00edctor aprendi\u00f3 diversas artes marciales e incluso particip\u00f3 en competencias. <br>Paralelo a ello vio la necesidad de capacitarse para ense\u00f1ar a otros a valorarse y saberse productivos. <a href=\"https:\/\/t.co\/UBBFZPtzP5\">pic.twitter.com\/UBBFZPtzP5<\/a><\/p>&mdash; Zona Roja Oaxaca (@Zona_Roja_Oax) <a href=\"https:\/\/twitter.com\/Zona_Roja_Oax\/status\/1358530456313094147?ref_src=twsrc%5Etfw\">7 de febrero de 2021<\/a><\/blockquote><\/div>\n<\/div><\/figure>\n\n\n\n<p>Y como si fuera poco, tambi\u00e9n gusta de la fotograf\u00eda la cual realiza con el apoyo de sus dem\u00e1s sentidos, particularmente del o\u00eddo y tacto, adem\u00e1s que es un experto en el uso de su Smartphone, desde donde chatea, disfruta de caricaturas de la infancia, checa la noticias y se conecta v\u00eda zoom para dar conferencias o participar en alg\u00fan proceso formativo.&nbsp;&nbsp;<\/p>\n\n\n\n<p>En Oaxaca estuvo acompa\u00f1ado de su perro gu\u00eda \u201cFriday\u201d, para compartir toda su experiencia y capacitar a monitores y representantes en torno al uso del bast\u00f3n blanco, el braille, el \u00e1baco y la escritura en tinta, hasta del marco legal que garantiza el trato en igualdad de condiciones para las personas con discapacidad.&nbsp;<\/p>\n\n\n\n<p>Lo anterior con la intenci\u00f3n de que puedan replicar el apoyo a otras personas que merecen vivir en una sociedad m\u00e1s incluyente y sobre todo menos discriminatoria, por lo cual ya existe un acercamiento con la Fundaci\u00f3n Pradillo para m\u00e1s trabajo en conjunto.<\/p>\n\n\n\n<p>Para V\u00edctor no hay nadie en la vida que no tenga problemas, lo importante es como enfrenarlos, particularmente en una sociedad que, aunque presenta avances en materia de inclusi\u00f3n, a\u00fan no deja de discriminar a la poblaci\u00f3n con discapacidad.&nbsp;<\/p>\n\n\n\n<figure class=\"wp-block-embed-twitter wp-block-embed is-type-rich is-provider-twitter\"><div class=\"wp-block-embed__wrapper\">\n<div class=\"twitter-tweet\"><blockquote class=\"twitter-tweet\" data-lang=\"es\"><p lang=\"es\" dir=\"ltr\">\u00bfCu\u00e1l discapacidad? <br>(Y 3) Y tras sobreponerse, por la fe, a  la limitaci\u00f3n visual, V\u00edctor aprendi\u00f3 -y ense\u00f1a- \u00e1lgebra; toma fotos y domina el celular, adem\u00e1s de disfrutar pel\u00edculas. <br>Invitado por la Fundaci\u00f3n Pradillo, hace unos d\u00edas estuvo en Oaxaca para capacitar personal. <a href=\"https:\/\/t.co\/bz2guuYAXq\">pic.twitter.com\/bz2guuYAXq<\/a><\/p>&mdash; Zona Roja Oaxaca (@Zona_Roja_Oax) <a href=\"https:\/\/twitter.com\/Zona_Roja_Oax\/status\/1358553253697363968?ref_src=twsrc%5Etfw\">7 de febrero de 2021<\/a><\/blockquote><\/div>\n<\/div><\/figure>\n\n\n\n<p>\u201cEst\u00e1 cambiando la situaci\u00f3n, pero no como debe de ser. Hay un avance de hace 25 a\u00f1os cuando perd\u00ed la vista, pero falta mucho por hacer. Hay una chica ciega en Estados Unidos que es astrof\u00edsica, eso deben saber que somos personas productivas y merecemos una vida digna\u201d, dice.&nbsp;<\/p>\n\n\n\n<p>Fiel creyente de Jesucristo, invita a las personas que cuenten con alguna discapacidad y no la est\u00e9n pasando bien, a reforzar su espiritualidad y tambi\u00e9n ponerse en contacto con \u00e9l al n\u00famero de whatsapp 551 7857784 o a la p\u00e1gina de Facebook Pcd Con Sentidos. <\/p>\n\n\n\n<p>\u201cLas personas con discapacidad somos personas productivas s\u00f3lo necesitamos que nos den la oportunidad. Necesitamos que todas las personas nos ayuden a lograr la inclusi\u00f3n real en la sociedad\u201d, expone.<\/p>\n\n\n\n<figure class=\"wp-block-image size-large\"><img decoding=\"async\" width=\"1024\" height=\"768\" src=\"http:\/\/www.zonaroja.com.mx\/wp-content\/uploads\/2021\/02\/Victor-de-la-Cruz-y-equipo-1024x768.jpg\" alt=\"\" class=\"wp-image-23333\" srcset=\"https:\/\/zonaroja.com.mx\/wp-content\/uploads\/2021\/02\/Victor-de-la-Cruz-y-equipo-1024x768.jpg 1024w, https:\/\/zonaroja.com.mx\/wp-content\/uploads\/2021\/02\/Victor-de-la-Cruz-y-equipo-300x225.jpg 300w, https:\/\/zonaroja.com.mx\/wp-content\/uploads\/2021\/02\/Victor-de-la-Cruz-y-equipo-768x576.jpg 768w, https:\/\/zonaroja.com.mx\/wp-content\/uploads\/2021\/02\/Victor-de-la-Cruz-y-equipo-1170x878.jpg 1170w, https:\/\/zonaroja.com.mx\/wp-content\/uploads\/2021\/02\/Victor-de-la-Cruz-y-equipo-585x439.jpg 585w, https:\/\/zonaroja.com.mx\/wp-content\/uploads\/2021\/02\/Victor-de-la-Cruz-y-equipo.jpg 1200w\" sizes=\"(max-width: 1024px) 100vw, 1024px\" \/><\/figure>\n","protected":false},"excerpt":{"rendered":"<p>Evlin Arag\u00f3n\/Zona Roja. Oaxaca de Ju\u00e1rez, Oax., 7 de febrero de 2021.- V\u00edctor de la&hellip;<\/p>\n","protected":false},"author":2,"featured_media":23332,"comment_status":"closed","ping_status":"open","sticky":false,"template":"","format":"standard","meta":{"_lmt_disableupdate":"","_lmt_disable":"","_jetpack_memberships_contains_paid_content":false,"footnotes":""},"categories":[109,46],"tags":[2432,2431],"class_list":["post-23331","post","type-post","status-publish","format-standard","has-post-thumbnail","hentry","category-minuto-a-minuto","category-zona-blanca","tag-pcd-con-sentidos","tag-victor-de-la-cruz"],"jetpack_featured_media_url":"https:\/\/zonaroja.com.mx\/wp-content\/uploads\/2021\/02\/Victor-de-la-Cruz.jpg","jetpack_sharing_enabled":true,"_links":{"self":[{"href":"https:\/\/zonaroja.com.mx\/index.php?rest_route=\/wp\/v2\/posts\/23331","targetHints":{"allow":["GET"]}}],"collection":[{"href":"https:\/\/zonaroja.com.mx\/index.php?rest_route=\/wp\/v2\/posts"}],"about":[{"href":"https:\/\/zonaroja.com.mx\/index.php?rest_route=\/wp\/v2\/types\/post"}],"author":[{"embeddable":true,"href":"https:\/\/zonaroja.com.mx\/index.php?rest_route=\/wp\/v2\/users\/2"}],"replies":[{"embeddable":true,"href":"https:\/\/zonaroja.com.mx\/index.php?rest_route=%2Fwp%2Fv2%2Fcomments&post=23331"}],"version-history":[{"count":2,"href":"https:\/\/zonaroja.com.mx\/index.php?rest_route=\/wp\/v2\/posts\/23331\/revisions"}],"predecessor-version":[{"id":23335,"href":"https:\/\/zonaroja.com.mx\/index.php?rest_route=\/wp\/v2\/posts\/23331\/revisions\/23335"}],"wp:featuredmedia":[{"embeddable":true,"href":"https:\/\/zonaroja.com.mx\/index.php?rest_route=\/wp\/v2\/media\/23332"}],"wp:attachment":[{"href":"https:\/\/zonaroja.com.mx\/index.php?rest_route=%2Fwp%2Fv2%2Fmedia&parent=23331"}],"wp:term":[{"taxonomy":"category","embeddable":true,"href":"https:\/\/zonaroja.com.mx\/index.php?rest_route=%2Fwp%2Fv2%2Fcategories&post=23331"},{"taxonomy":"post_tag","embeddable":true,"href":"https:\/\/zonaroja.com.mx\/index.php?rest_route=%2Fwp%2Fv2%2Ftags&post=23331"}],"curies":[{"name":"wp","href":"https:\/\/api.w.org\/{rel}","templated":true}]}}