{"id":2334,"date":"2019-07-17T19:30:19","date_gmt":"2019-07-18T00:30:19","guid":{"rendered":"http:\/\/www.zonaroja.com.mx\/?p=2334"},"modified":"2019-07-17T19:30:21","modified_gmt":"2019-07-18T00:30:21","slug":"liberan-a-19-retenidos-por-conflicto-en-tierras-en-limites-de-oaxaca-y-guerrero","status":"publish","type":"post","link":"https:\/\/zonaroja.com.mx\/?p=2334","title":{"rendered":"Liberan a 19 retenidos por conflicto en tierras en l\u00edmites de Oaxaca y Guerrero"},"content":{"rendered":"\n<p>Redacci\u00f3n<\/p>\n\n\n\n<p>Oaxaca de\nJu\u00e1rez, Oax., Tras ocho d\u00edas de conflicto, anoche fueron liberadas las 19\npersonas retenidas, derivado de un conflicto entre pobladores de El Jicaral,\nagencia de Coicoy\u00e1n de las Flores, Oaxaca, con habitantes de Jicay\u00e1n de Tovar,\nperteneciente al estado vecino de Guerrero.<\/p>\n\n\n\n<p>As\u00ed lo\ninform\u00f3 la Secretar\u00eda General de Gobierno (Segego) a trav\u00e9s de redes sociales,\nen donde adem\u00e1s recalc\u00f3 la intervenci\u00f3n de los funcionarios Pedro S\u00e1nchez y\nMauro Espinoza, as\u00ed como la voluntad de ambas localidades para llegar a un\nacuerdo.<\/p>\n\n\n\n<p>El conflicto\nagrario, que data de hace m\u00e1s de siete d\u00e9cadas, se intensific\u00f3 la semana pasada\nen la que se registr\u00f3 un ataque armado, que dej\u00f3 como saldo una persona muerta\nidentificada como Ferm\u00edn Bartolo Mendoza, adem\u00e1s de tres personas heridas por\nimpacto de bala: Florentino Paz Toribio, Reynaldo L\u00f3pez Rodr\u00edguez y Silvestre\nL\u00f3pez L\u00f3pez.<\/p>\n\n\n\n<p>La disputa\nes por un aproximado de 49 hect\u00e1reas de tierras de cultivo y ocasion\u00f3 que el\npasado 9 de julio, habitantes de Jicay\u00e1n de Tovar, Guerrero, detuvieran a\ncuatro personas de las que irrumpieron en su comunidad, uno de ellos menor de\nedad, y los retuvieron en la comisar\u00eda por el homicidio de Ferm\u00edn Bartolo\nMendoza.<\/p>\n\n\n\n<p>En\nconsecuencia, los oaxaque\u00f1os del municipio de Coicoy\u00e1n de las Flores retuvieron\na 15 personas de las comunidades de San Pedro Cuitlapa y El Coyul, ambas del\nmunicipio de Tlacoachistlahuaca.<\/p>\n\n\n\n<p>Pese a los\nreportes de los hechos por parte de medios informativos del estado de Guerrero,\nlas autoridades de Oaxaca no hab\u00edan informado nada al respecto hasta la noche\nde ayer, que dieron a conocer la liberaci\u00f3n de las 19 personas que en total\nestuvieron privadas de su libertad por 8 d\u00edas en ambas localidades en\nconflicto.<\/p>\n\n\n\n<p>Reportes\nhemerogr\u00e1ficos refieren que durante estos \u00faltimos d\u00edas ambos grupos se\nmantuvieron armados y vigilantes, en cerros y sitios agrestes en las\ninmediaciones de los dos pueblos, en pugna por las tierras lim\u00edtrofes.<\/p>\n","protected":false},"excerpt":{"rendered":"<p>Redacci\u00f3n Oaxaca de Ju\u00e1rez, Oax., Tras ocho d\u00edas de conflicto, anoche fueron liberadas las 19&hellip;<\/p>\n","protected":false},"author":2,"featured_media":2233,"comment_status":"closed","ping_status":"open","sticky":false,"template":"","format":"standard","meta":{"_lmt_disableupdate":"","_lmt_disable":"","_jetpack_memberships_contains_paid_content":false,"footnotes":""},"categories":[109,51],"tags":[359],"class_list":["post-2334","post","type-post","status-publish","format-standard","has-post-thumbnail","hentry","category-minuto-a-minuto","category-zona-roja","tag-conflicto-entre-oaxaca-y-guerrero"],"jetpack_featured_media_url":"https:\/\/zonaroja.com.mx\/wp-content\/uploads\/2019\/07\/Oaxaca-Guerrero.jpg","jetpack_sharing_enabled":true,"_links":{"self":[{"href":"https:\/\/zonaroja.com.mx\/index.php?rest_route=\/wp\/v2\/posts\/2334","targetHints":{"allow":["GET"]}}],"collection":[{"href":"https:\/\/zonaroja.com.mx\/index.php?rest_route=\/wp\/v2\/posts"}],"about":[{"href":"https:\/\/zonaroja.com.mx\/index.php?rest_route=\/wp\/v2\/types\/post"}],"author":[{"embeddable":true,"href":"https:\/\/zonaroja.com.mx\/index.php?rest_route=\/wp\/v2\/users\/2"}],"replies":[{"embeddable":true,"href":"https:\/\/zonaroja.com.mx\/index.php?rest_route=%2Fwp%2Fv2%2Fcomments&post=2334"}],"version-history":[{"count":1,"href":"https:\/\/zonaroja.com.mx\/index.php?rest_route=\/wp\/v2\/posts\/2334\/revisions"}],"predecessor-version":[{"id":2335,"href":"https:\/\/zonaroja.com.mx\/index.php?rest_route=\/wp\/v2\/posts\/2334\/revisions\/2335"}],"wp:featuredmedia":[{"embeddable":true,"href":"https:\/\/zonaroja.com.mx\/index.php?rest_route=\/wp\/v2\/media\/2233"}],"wp:attachment":[{"href":"https:\/\/zonaroja.com.mx\/index.php?rest_route=%2Fwp%2Fv2%2Fmedia&parent=2334"}],"wp:term":[{"taxonomy":"category","embeddable":true,"href":"https:\/\/zonaroja.com.mx\/index.php?rest_route=%2Fwp%2Fv2%2Fcategories&post=2334"},{"taxonomy":"post_tag","embeddable":true,"href":"https:\/\/zonaroja.com.mx\/index.php?rest_route=%2Fwp%2Fv2%2Ftags&post=2334"}],"curies":[{"name":"wp","href":"https:\/\/api.w.org\/{rel}","templated":true}]}}