{"id":23342,"date":"2021-02-08T07:29:36","date_gmt":"2021-02-08T13:29:36","guid":{"rendered":"http:\/\/www.zonaroja.com.mx\/?p=23342"},"modified":"2021-02-08T07:54:14","modified_gmt":"2021-02-08T13:54:14","slug":"asesinan-en-veracruz-a-comunicador-oaxaqueno-en-ocotlan-le-habian-matado-a-familiares","status":"publish","type":"post","link":"https:\/\/zonaroja.com.mx\/?p=23342","title":{"rendered":"Asesinan en Veracruz a comunicador oaxaque\u00f1o; en Ocotl\u00e1n le hab\u00edan matado a familiares"},"content":{"rendered":"\n<p>Redacci\u00f3n\/Zona Roja.<\/p>\n\n\n\n<p>Oaxaca de Ju\u00e1rez, Oax., 8 de febrero de 2021.- Presuntamente en su huida de Oaxaca tras ser ultimadas dos mujeres de su familia, el comunicador de un medio digital, \u00c9dgar Leyva, fue asesinado a balazos anoche en Tuxpan, Veracruz.<\/p>\n\n\n\n<p>Fue el pasado mi\u00e9rcoles 3 de febrero en Ocotl\u00e1n de Morelos, en que fueron ultimadas las se\u00f1oras Bernarda R. D., de 54 a\u00f1os de edad, e Isela L. M., de 36 a\u00f1os, su hermana y su t\u00eda, una de ellas profesoras de la Secci\u00f3n 22 del SNTE.<\/p>\n\n\n\n<p>Familiares de las v\u00edctimas habr\u00edan pedido medidas cautelares a la Fiscal\u00eda General del Estado de Oaxaca, pues consideraban en riesgo sus vidas; sin embargo, no les fue otorgada.<\/p>\n\n\n\n<p>De acuerdo con reportes policiacos, la tarde-noche de ayer, cuando consum\u00eda alimentos en una fonda a la orilla de la carretera, en la colonia Adolfo Ruiz Cortines, fue ultimado el comunicador, responsable del sitio de internet \u201cUrbanos Oaxaca\u201d.<\/p>\n\n\n\n<p>Presuntamente los sicarios viajaban a bordo de un coche tipo Tsuru, marca Nissan, sin placas de circulaci\u00f3n, quienes le dispararon tras lo cual huyeron.<\/p>\n","protected":false},"excerpt":{"rendered":"<p>Redacci\u00f3n\/Zona Roja. Oaxaca de Ju\u00e1rez, Oax., 8 de febrero de 2021.- Presuntamente en su huida&hellip;<\/p>\n","protected":false},"author":2,"featured_media":18317,"comment_status":"closed","ping_status":"open","sticky":false,"template":"","format":"standard","meta":{"_lmt_disableupdate":"","_lmt_disable":"","_jetpack_memberships_contains_paid_content":false,"footnotes":""},"categories":[109,51],"tags":[2434],"class_list":["post-23342","post","type-post","status-publish","format-standard","has-post-thumbnail","hentry","category-minuto-a-minuto","category-zona-roja","tag-edgar-leyva"],"jetpack_featured_media_url":"https:\/\/zonaroja.com.mx\/wp-content\/uploads\/2020\/10\/Escena-del-crimen5.jpg","jetpack_sharing_enabled":true,"_links":{"self":[{"href":"https:\/\/zonaroja.com.mx\/index.php?rest_route=\/wp\/v2\/posts\/23342","targetHints":{"allow":["GET"]}}],"collection":[{"href":"https:\/\/zonaroja.com.mx\/index.php?rest_route=\/wp\/v2\/posts"}],"about":[{"href":"https:\/\/zonaroja.com.mx\/index.php?rest_route=\/wp\/v2\/types\/post"}],"author":[{"embeddable":true,"href":"https:\/\/zonaroja.com.mx\/index.php?rest_route=\/wp\/v2\/users\/2"}],"replies":[{"embeddable":true,"href":"https:\/\/zonaroja.com.mx\/index.php?rest_route=%2Fwp%2Fv2%2Fcomments&post=23342"}],"version-history":[{"count":1,"href":"https:\/\/zonaroja.com.mx\/index.php?rest_route=\/wp\/v2\/posts\/23342\/revisions"}],"predecessor-version":[{"id":23344,"href":"https:\/\/zonaroja.com.mx\/index.php?rest_route=\/wp\/v2\/posts\/23342\/revisions\/23344"}],"wp:featuredmedia":[{"embeddable":true,"href":"https:\/\/zonaroja.com.mx\/index.php?rest_route=\/wp\/v2\/media\/18317"}],"wp:attachment":[{"href":"https:\/\/zonaroja.com.mx\/index.php?rest_route=%2Fwp%2Fv2%2Fmedia&parent=23342"}],"wp:term":[{"taxonomy":"category","embeddable":true,"href":"https:\/\/zonaroja.com.mx\/index.php?rest_route=%2Fwp%2Fv2%2Fcategories&post=23342"},{"taxonomy":"post_tag","embeddable":true,"href":"https:\/\/zonaroja.com.mx\/index.php?rest_route=%2Fwp%2Fv2%2Ftags&post=23342"}],"curies":[{"name":"wp","href":"https:\/\/api.w.org\/{rel}","templated":true}]}}