{"id":23346,"date":"2021-02-08T08:23:47","date_gmt":"2021-02-08T14:23:47","guid":{"rendered":"http:\/\/www.zonaroja.com.mx\/?p=23346"},"modified":"2021-02-08T08:23:50","modified_gmt":"2021-02-08T14:23:50","slug":"alejandro-murat-imita-a-ulises-ruiz-ya-tiene-su-violencia-y-desplazados-triquis","status":"publish","type":"post","link":"https:\/\/zonaroja.com.mx\/?p=23346","title":{"rendered":"Alejandro Murat imita a Ulises Ruiz: ya tiene su violencia y desplazados triquis"},"content":{"rendered":"\n<p>Ismael Garc\u00eda M.\/Zona Roja.<\/p>\n\n\n\n<p>Oaxaca de Ju\u00e1rez, Oax., 8 de febrero de 2021.- Alejandro Ismael Murat Hinojosa no solamente va a superar el n\u00famero de feminicidios de su compa\u00f1ero militante priista, el ex gobernador Ulises Ruiz Ortiz, sino tambi\u00e9n tiene ya tiene su masacre en la zona Triqui\u2026 y a sus propios desplazados.<\/p>\n\n\n\n<p>Hace m\u00e1s de una d\u00e9cada, tras hechos de violencia, cientos de personas fueron desalojadas de San Juan Copala, Juxtlahuaca, y arribaron a la capital del estado, para apoderarse del corredor exterior del Palacio de Gobierno, donde perviven.<\/p>\n\n\n\n<p>Alejandro Murat, por un conflicto atendido a destiempo y la negligencia de la Secretar\u00eda General de Gobierno, tendr\u00e1 pronto tambi\u00e9n a su grupo de desplazados, ahora de Tierra Blanca Copala, aunque ya no hay espacios ni en la sede del Ejecutivo ni en el z\u00f3calo, para alojarlos.<\/p>\n\n\n\n<p>VIOLENCIA POL\u00cdTICA<\/p>\n\n\n\n<p>La violencia tiene d\u00e9cadas en la zona Triqui, etnia asentada principalmente en el municipio de Santiago Juxtlahuaca, San Mart\u00edn Itunyoso y parte de Putla Villa de Guerrero y de Constancia del Rosario.<\/p>\n\n\n\n<p>De acuerdo con el libro \u201cConfiguraciones \u00e9tnicas en Oaxaca\u201d, los triquis o triques ven\u00edan de emigrar del oriente, para asentarse en lo que hoy se conoce como La Carbonera, Telixtlahuaca.<\/p>\n\n\n\n<p>Sin embargo, los zapotecas que viv\u00edan en la regi\u00f3n les hicieron la guerra hasta que los expulsaron, vi\u00e9ndose obligados a reanudar su peregrinaci\u00f3n y ubicarse en San Andr\u00e9s Nuxi\u00f1o, al sudeste de Nochixtl\u00e1n.<\/p>\n\n\n\n<p>Derrotados hacia el siglo XIII por los mixtecos que poblaban el lugar, tuvieron que emigrar nuevamente para radicar en el hoy llamado Llano de San Vicente, en donde muchos sucumbieron afectados por el paludismo, por lo que una parte del grupo se instal\u00f3 en las serran\u00edas de Chicahuaxtla y otra parte en la zona baja de Copala y San Mart\u00edn Itunyoso, en donde moran en su mayor\u00eda hasta la fecha.<\/p>\n\n\n\n<p>El territorio triqui o trique fue sometido por los aztecas a principios del siglo XV, debiendo rendirles tributo; no obstante, en su historia no hay rasgos constantes de violencia, que lleg\u00f3 con la disputa pol\u00edtica en las \u00faltimas d\u00e9cadas.<\/p>\n\n\n\n<p>Seg\u00fan referencias hist\u00f3ricas, en el a\u00f1o de 1956 unos ind\u00edgenas de la triqui baja asesinaron a varios soldados, en consecuencia, la Fuerza A\u00e9rea Mexicana envi\u00f3 aviones que bombardearon y ametrallaron a varios ind\u00edgenas de San Juan Copala, del barrio Cruz Chiquita as\u00ed como a otras barrios m\u00e1s, lo que desat\u00f3 una guerra sin tregua que a\u00fan tiene sus ecos hoy en d\u00eda.<\/p>\n\n\n\n<p>El 15 de marzo de 1972 se llev\u00f3 a cabo el primer Congreso de los Pueblos Triquis en San Andr\u00e9s Chicahuaxtla, convocado por el gobierno estatal con la finalidad de plantear la unificaci\u00f3n de todas las comunidades triquis y al mismo tiempo recoger las demandas hechas por los ind\u00edgenas.<\/p>\n\n\n\n<p>De este primer congreso se acord\u00f3 realizar un segundo congreso con sede en San Juan Copala el 12 de octubre de 1972, de acuerdo con \u201cTinujei. Los Triquis de Copala\u201d, de Agust\u00edn Garc\u00eda Alcaraz.<\/p>\n\n\n\n<p>En 1981, los triquis de Copala se organizaron para formar el Movimiento de Unificaci\u00f3n y Lucha Triqui (MULT), que luchaba por democratizar el ejercicio del poder en la regi\u00f3n, entre otras cosas; desde ese momento estuvo al mando de Heriberto Pazos Ortiz.<\/p>\n\n\n\n<p>En 2003 se convierte en el Partido Unida Popular (PUP), posteriormente algunos exintegrantes del MULT formaron el Movimiento de Unificaci\u00f3n y Lucha Triqui Independiente (MULTI), que tuvo una importante participaci\u00f3n en la Asamblea Popular de los Pueblos de Oaxaca en 2006.<\/p>\n\n\n\n<p>En a\u00f1os recientes, nuevamente por la ambici\u00f3n pol\u00edtica, tras el crimen de Pazos Ortiz en 2010, hubo otra escisi\u00f3n, que deriv\u00f3 en la Asamblea de Pueblos Ind\u00edgenas (API) y posteriormente otra divisi\u00f3n, el a\u00f1o pasado, con la Uni\u00f3n Democr\u00e1tica de Pueblos y Comunidades Ind\u00edgenas (Undeci), cuyo l\u00edder inicial fue Rufino Merino, muerto por Covid el a\u00f1o pasado.<\/p>\n\n\n\n<p>En la d\u00e9cada de los ochenta naci\u00f3 la Unidad de Bienestar Social de la Regi\u00f3n Triqui (Ubisort) identificada con el Partido Revolucionario Institucional (PRI) para hacerle contrapeso al MULT, que se hab\u00eda identificado con la izquierda, particularmente con el Partido de la Revoluci\u00f3n Democr\u00e1tica (PRD).<\/p>\n\n\n\n<p>El 8 de diciembre del 2006 fue asesinado el dirigente de la UBISORT, Ra\u00fal Marcial P\u00e9rez, cuando estaba en el interior de sus oficinas en el centro de la ciudad de Juxtlahuaca.<\/p>\n\n\n\n<p>DISPUTA CLIENTELAR<\/p>\n\n\n\n<p>No hay sustento hist\u00f3rico para afirmar que han sido violentos por herencia; los hechos sangrientos han ocurrido en las recientes d\u00e9cadas y se han acrecentado con la creaci\u00f3n de organizaciones sociales, como el citado MULT y sus derivaciones, MULTI y Ubisort.<\/p>\n\n\n\n<p>En septiembre de 2010, los \u00faltimos meses del gobierno de Ulises Ruiz, ocurrieron ataques armados principalmente en San Juan Copala y San Miguel Copala, lo que deriv\u00f3 en el desplazamiento hacia la capital de 52 familias.<\/p>\n\n\n\n<p>Ulises Ruiz Ortiz hered\u00f3 el problema a Gabino Cu\u00e9 Monteagudo, que durante seis a\u00f1os no hizo absolutamente nada por pacificar la zona y \u00fanicamente administr\u00f3 el problema.<\/p>\n\n\n\n<p>Intervino la Comisi\u00f3n Interamericana de Derechos Humanos (CIDH), que emiti\u00f3 medidas cautelares para 115 personas desplazadas, mismas que a su vez se han dividido en al menos cinco grupos, uno de ellos encabezado por Reyna Mart\u00ednez Flores y Marco Albino Ortiz.<\/p>\n\n\n\n<p>Van cuatro a\u00f1os de Alejandro Murat, y tampoco ha podido resolver el problema; apenas a finales del a\u00f1o pasado, una en\u00e9sima divisi\u00f3n de esos desplazados comenz\u00f3 a inconformarse, hasta lograr colocar decenas de puestos de venta de ropa y otras mercanc\u00edas, en el paso poniente del z\u00f3calo.<\/p>\n\n\n\n<p>A mediados de diciembre del a\u00f1o pasado se comenz\u00f3 a dar el grito de advertencia de nueva violencia en la zona Triqui, por parte de MULTI, que culpaba de manera directa al MULT, plegado hoy totalmente al gobierno.<\/p>\n\n\n\n<p>No hizo caso el gobierno; el 4 de enero comenzaron los primeros bloqueos, ahora del MULTI aliado con la Ubisort, en inmediaciones de Santiago Juxtlahuaca; tampoco hicieron caso y se limitaron a enviar a la fuerza p\u00fablica para patrullar la zona.<\/p>\n\n\n\n<p>E 17 de enero estall\u00f3 la violencia, en que los triquis denunciaron agresiones a balazos hacia Yosoyuxi y a Tierra Blanca; tampoco atendieron el grito de auxilio; el martes 19 de nuevo balazos.<\/p>\n\n\n\n<p>Ese d\u00eda y el mi\u00e9rcoles siguientes, el MULTI, representado en la capital por Reyna Mart\u00ednez Flores, presidi\u00f3 conferencias de prensa en el z\u00f3calo; la del segundo d\u00eda, una paralela del MULT para deslindarse; unos pasos los divid\u00eda.<\/p>\n\n\n\n<p>El MULT con el profesor Rogelio Pensamiento amag\u00f3 con un plant\u00f3n para exigir justicia pero de inmediato fue reconvenido por el gobierno y lo tuvo que retirar 24 horas despu\u00e9s.<\/p>\n\n\n\n<p>Fue el d\u00eda 21 de enero en que el MULTI arreci\u00f3 sus protestas con bloqueo en la v\u00eda federal 190 a la altura de Hacienda Blanca, San Pablo Etla; fue ah\u00ed en que los triquis denunciaron que habr\u00eda al menos cuatro personas fallecidas, varias heridas y muchas que hab\u00eda huido a los cerros.<\/p>\n\n\n\n<p>Tampoco les creyeron, por el contrario, fue hasta el d\u00eda 22, casi un mes despu\u00e9s desde las primeras denuncias, en que el gobierno ingres\u00f3 a la zona Triqui, pero tampoco hall\u00f3 evidencias, dijo; incluso, dijo en un bolet\u00edn que descartaba muertos y heridos, pero tuvo que recular el domingo y reconocer dos muertos, hallados entre el monte, as\u00ed como una mujer y su beb\u00e9 desaparecidos.<\/p>\n\n\n\n<p>Solamente tras ello incursionaron caravanas del gobierno a Tierra Blanca para rescatar a la gente y llevarla a Yosoyuxi Copala; para ese entonces, el esc\u00e1ndalo ya era nacional, tras la intervenci\u00f3n en el sitio de la activista Frida Guererra &#8211;que tambi\u00e9n ha acompa\u00f1ado la lucha de los desplazados del 2010&#8211;, que exhibi\u00f3 con fotograf\u00edas la cruenta realidad.<\/p>\n\n\n\n<p>El tema escal\u00f3 a nivel internacional tras llegar a la conferencia \u201cma\u00f1anera\u201d que en ese entonces presid\u00eda la secretaria Olga S\u00e1nchez Cordero.<\/p>\n\n\n\n<p>El 3 y 4 de febrero, Alejandro Encinas, subsecretario de Gobernaci\u00f3n, estuvo en Oaxaca pero s\u00f3lo en la capital y para reuniones burocr\u00e1ticas, infructuosas y sin reprochar al gobierno de Oaxaca su inacci\u00f3n. El caso sigue impune; no hay detenidos, no hay culpables, no se sabe que haya \u00f3rdenes de aprehensi\u00f3n.<\/p>\n\n\n\n<p>Y en todo este caso, en absoluto se ha tocado al presidente municipal de Santiago Juxtlahuaca, Nicol\u00e1s Feria Romero, quien junto con su padre son los caciques de horca y cuchillo en la zona Triqui.&nbsp;<\/p>\n\n\n\n<p>Pero, \u00bfpor qu\u00e9 no act\u00faa el gobierno de Alejandro Murat en contra de quienes son se\u00f1alados por las v\u00edctimas, es decir el MULT? Simple: le representan votos, en miles, que le ser\u00e1n \u00fatiles en este proceso electoral local y federal. Sea a trav\u00e9s de la priista Partido Unidad Popular (PUP), creado por cierto por Jos\u00e9 Murat con el extinto Heriberto Pazos, o los dizque morenistas actuales que encabeza el profesor Rogelio Pensamiento Mesinas.<\/p>\n\n\n\n<p>En realidad, las masacres, la violencia, los desplazamientos, los conflictos agrarios, poco importan al gobierno, si no tienen rentabilidad pol\u00edtica.<\/p>\n","protected":false},"excerpt":{"rendered":"<p>Ismael Garc\u00eda M.\/Zona Roja. Oaxaca de Ju\u00e1rez, Oax., 8 de febrero de 2021.- Alejandro Ismael&hellip;<\/p>\n","protected":false},"author":2,"featured_media":7610,"comment_status":"closed","ping_status":"open","sticky":false,"template":"","format":"standard","meta":{"_lmt_disableupdate":"","_lmt_disable":"","_jetpack_memberships_contains_paid_content":false,"footnotes":""},"categories":[456,109,48],"tags":[1353],"class_list":["post-23346","post","type-post","status-publish","format-standard","has-post-thumbnail","hentry","category-columna","category-minuto-a-minuto","category-zona-critica","tag-opinion-zona-critica"],"jetpack_featured_media_url":"https:\/\/zonaroja.com.mx\/wp-content\/uploads\/2020\/01\/Opini\u00f3n-Zona-Cr\u00edtica.jpg","jetpack_sharing_enabled":true,"_links":{"self":[{"href":"https:\/\/zonaroja.com.mx\/index.php?rest_route=\/wp\/v2\/posts\/23346","targetHints":{"allow":["GET"]}}],"collection":[{"href":"https:\/\/zonaroja.com.mx\/index.php?rest_route=\/wp\/v2\/posts"}],"about":[{"href":"https:\/\/zonaroja.com.mx\/index.php?rest_route=\/wp\/v2\/types\/post"}],"author":[{"embeddable":true,"href":"https:\/\/zonaroja.com.mx\/index.php?rest_route=\/wp\/v2\/users\/2"}],"replies":[{"embeddable":true,"href":"https:\/\/zonaroja.com.mx\/index.php?rest_route=%2Fwp%2Fv2%2Fcomments&post=23346"}],"version-history":[{"count":1,"href":"https:\/\/zonaroja.com.mx\/index.php?rest_route=\/wp\/v2\/posts\/23346\/revisions"}],"predecessor-version":[{"id":23347,"href":"https:\/\/zonaroja.com.mx\/index.php?rest_route=\/wp\/v2\/posts\/23346\/revisions\/23347"}],"wp:featuredmedia":[{"embeddable":true,"href":"https:\/\/zonaroja.com.mx\/index.php?rest_route=\/wp\/v2\/media\/7610"}],"wp:attachment":[{"href":"https:\/\/zonaroja.com.mx\/index.php?rest_route=%2Fwp%2Fv2%2Fmedia&parent=23346"}],"wp:term":[{"taxonomy":"category","embeddable":true,"href":"https:\/\/zonaroja.com.mx\/index.php?rest_route=%2Fwp%2Fv2%2Fcategories&post=23346"},{"taxonomy":"post_tag","embeddable":true,"href":"https:\/\/zonaroja.com.mx\/index.php?rest_route=%2Fwp%2Fv2%2Ftags&post=23346"}],"curies":[{"name":"wp","href":"https:\/\/api.w.org\/{rel}","templated":true}]}}