{"id":23348,"date":"2021-02-08T08:35:08","date_gmt":"2021-02-08T14:35:08","guid":{"rendered":"http:\/\/www.zonaroja.com.mx\/?p=23348"},"modified":"2021-02-08T08:35:12","modified_gmt":"2021-02-08T14:35:12","slug":"insiste-murat-que-covid-se-estabiliza-sso-lo-desmiente-204-casos-diarios-en-promedio","status":"publish","type":"post","link":"https:\/\/zonaroja.com.mx\/?p=23348","title":{"rendered":"Insiste Murat que Covid se estabiliza; SSO lo desmiente: 204 casos diarios en promedio"},"content":{"rendered":"\n<p>Redacci\u00f3n\/Zona Roja.<\/p>\n\n\n\n<p>Oaxaca de Ju\u00e1rez, Oax. 8 de febrero de 2021.- Por segundo domingo, el gobernador Alejandro Murat Hinojosa inform\u00f3 anoche que se ha estabilizado el n\u00famero de contagios por Covid-19 en la entidad, \u201cluego del incremento que se registr\u00f3 en d\u00edas pasados y que deriv\u00f3 en la saturaci\u00f3n de alrededor de 20 hospitales\u201d.<\/p>\n\n\n\n<p>Sin embargo, en el mismo comunicado de prensa de ayer, los Servicios de Salud de Oaxaca (SSO) informaron que durante la semana del 31 de enero al 6 de febrero, el promedio de nuevos casos por d\u00eda fue de 204 y as\u00ed como de 14 defunciones diarias.<\/p>\n\n\n\n<p>En su bolet\u00edn, recrimin\u00f3 que \u201cexiste el antecedente de localidades que hicieron caso omiso y a pesar de las recomendaciones de la autoridad sanitaria, decidieron realizar sus fiestas o reuniones y, como consecuencia enfrentaron brotes de Covid-19.<\/p>\n\n\n\n<p>De acuerdo con los SSO, desde el pasado 17 de enero, la ocupaci\u00f3n hospitalaria global ha permanecido por arriba del 60%; la Jurisdicci\u00f3n Sanitaria n\u00famero de los Valles Centrales, desde el 16 de enero se encuentra por arriba del 70%; la del Istmo se mantiene por encima del 50% desde el 19 de enero; al igual que la de Tuxtepec desde el 6 de enero.<\/p>\n\n\n\n<p>La Jurisdicci\u00f3n de la Mixteca registra una ocupaci\u00f3n tambi\u00e9n superior al 50% desde el 20 de enero; la de la Costa registra un 60% desde el 14 de enero; y la Sierra una ocupaci\u00f3n por encima del 15%.<\/p>\n\n\n\n<p>Desde el primer caso registrado en el mes de marzo de 2020 y hasta el 6 de febrero de este a\u00f1o, en Oaxaca se han reportado 36 mil 498 casos de COVID-19; de los cuales, 33 mil 121 se han recuperado y lamentablemente dos mil 629 han fallecido.<\/p>\n","protected":false},"excerpt":{"rendered":"<p>Redacci\u00f3n\/Zona Roja. Oaxaca de Ju\u00e1rez, Oax. 8 de febrero de 2021.- Por segundo domingo, el&hellip;<\/p>\n","protected":false},"author":2,"featured_media":21883,"comment_status":"closed","ping_status":"open","sticky":false,"template":"","format":"standard","meta":{"_lmt_disableupdate":"","_lmt_disable":"","_jetpack_memberships_contains_paid_content":false,"footnotes":""},"categories":[109,47],"tags":[1512],"class_list":["post-23348","post","type-post","status-publish","format-standard","has-post-thumbnail","hentry","category-minuto-a-minuto","category-zona-gris","tag-coronavirus-oaxaca"],"jetpack_featured_media_url":"https:\/\/zonaroja.com.mx\/wp-content\/uploads\/2020\/12\/Covid-Oaxaca-2.jpg","jetpack_sharing_enabled":true,"_links":{"self":[{"href":"https:\/\/zonaroja.com.mx\/index.php?rest_route=\/wp\/v2\/posts\/23348","targetHints":{"allow":["GET"]}}],"collection":[{"href":"https:\/\/zonaroja.com.mx\/index.php?rest_route=\/wp\/v2\/posts"}],"about":[{"href":"https:\/\/zonaroja.com.mx\/index.php?rest_route=\/wp\/v2\/types\/post"}],"author":[{"embeddable":true,"href":"https:\/\/zonaroja.com.mx\/index.php?rest_route=\/wp\/v2\/users\/2"}],"replies":[{"embeddable":true,"href":"https:\/\/zonaroja.com.mx\/index.php?rest_route=%2Fwp%2Fv2%2Fcomments&post=23348"}],"version-history":[{"count":1,"href":"https:\/\/zonaroja.com.mx\/index.php?rest_route=\/wp\/v2\/posts\/23348\/revisions"}],"predecessor-version":[{"id":23349,"href":"https:\/\/zonaroja.com.mx\/index.php?rest_route=\/wp\/v2\/posts\/23348\/revisions\/23349"}],"wp:featuredmedia":[{"embeddable":true,"href":"https:\/\/zonaroja.com.mx\/index.php?rest_route=\/wp\/v2\/media\/21883"}],"wp:attachment":[{"href":"https:\/\/zonaroja.com.mx\/index.php?rest_route=%2Fwp%2Fv2%2Fmedia&parent=23348"}],"wp:term":[{"taxonomy":"category","embeddable":true,"href":"https:\/\/zonaroja.com.mx\/index.php?rest_route=%2Fwp%2Fv2%2Fcategories&post=23348"},{"taxonomy":"post_tag","embeddable":true,"href":"https:\/\/zonaroja.com.mx\/index.php?rest_route=%2Fwp%2Fv2%2Ftags&post=23348"}],"curies":[{"name":"wp","href":"https:\/\/api.w.org\/{rel}","templated":true}]}}