{"id":23354,"date":"2021-02-08T15:22:08","date_gmt":"2021-02-08T21:22:08","guid":{"rendered":"https:\/\/www.zonaroja.com.mx\/?p=23354"},"modified":"2021-02-08T15:22:40","modified_gmt":"2021-02-08T21:22:40","slug":"protestas-se-desbordan-en-la-ciudad-de-oaxaca-e-istmo-gobierno-ausente","status":"publish","type":"post","link":"https:\/\/zonaroja.com.mx\/?p=23354","title":{"rendered":"Protestas se desbordan en la ciudad de Oaxaca e Istmo, gobierno ausente"},"content":{"rendered":"\n<p>Evlin Arag\u00f3n\/Zona Roja. <\/p>\n\n\n\n<p>Oaxaca de Ju\u00e1rez, Oax., 8 de febrero de 2021.- <a href=\"\/\/0\">Este lunes<\/a> dio inicio la semana con diversas protestas y movilizaciones en la capital de Oaxaca y la regi\u00f3n del Istmo de Tehuantepec, que concentraron la totalidad de manifestantes con exigencias sociales, laborales, educativas y de gobernabilidad. <\/p>\n\n\n\n<p class=\"MsoNormal\">Desde temprana hora, vecinos de la agencia municipal de San Juan Chapultepec bloquearon la avenida La Paz a un costado de la ex f\u00e1brica de Triplay, para exigir la atenci\u00f3n de los Servicios de Agua Potable y Alcantarillado de Oaxaca&nbsp;(SAPAO), a quien le demandan el abastecimiento de agua en la demarcaci\u00f3n.&nbsp;&nbsp;<\/p>\n\n\n\n<p class=\"MsoNormal\">La poblaci\u00f3n lament\u00f3 que sea necesaria la movilizaci\u00f3n para ser escuchados, ya que desde hace un mes que no cuentan con el vital l\u00edquido han reportado la situaci\u00f3n ante la autoridad correspondiente que ha ignorado completamente la solicitud, y no fue hasta ahora que se realiz\u00f3 el bloqueo que responden asegurando que el mi\u00e9rcoles surtir\u00e1n el agua.&nbsp;&nbsp;<\/p>\n\n\n\n<p class=\"MsoNormal\">As\u00ed mismo, integrantes del Sindicato de Trabajadores y Empleados de la Universidad Benito Ju\u00e1rez de Oaxaca (STEUABJO) \u201ctomaron\u201d las instalaciones educativas, que se mantienen cerradas debido a la pandemia, para respaldar al comit\u00e9 de huelga y mantener su exigencia de la revisi\u00f3n del contrato colectivo y el aumento salarial.  <\/p>\n\n\n\n<p class=\"MsoNormal\">Explicaron que existe la disposici\u00f3n al di\u00e1logo por parte de la gremial, en cambio, expusieron que la autoridad universitaria no registra avance en las peticiones, a diferencia de la representaci\u00f3n del gobierno de Oaxaca que ha participado de manera activa para tratar de llegar a acuerdos.  <\/p>\n\n\n\n<p class=\"MsoNormal\">Frente a Rector\u00eda, en la avenida Universidad, j\u00f3venes se apoderaron de autobuses de transporte p\u00fablico, sin embargo, el STEUABJO se deslind\u00f3 de los hechos.&nbsp;&nbsp;<\/p>\n\n\n\n<p class=\"MsoNormal\">Alrededor&nbsp;<a href=\"\/\/3\">de las 10 de la ma\u00f1ana<\/a>, un grupo de personas originarias de Santo Domingo Ixcatl\u00e1n hizo presencia frente a Palacio de Gobierno para anunciar el acuerdo de paz al que llegaron con la comunidad de Chalcatongo de Hidalgo con quien manten\u00edan un conflicto agrario de d\u00e9cadas.&nbsp;&nbsp;<\/p>\n\n\n\n<p class=\"MsoNormal\">Sin embargo, denunciaron que el edil de Bertoldo Bernab\u00e9 Garc\u00eda no est\u00e1 de acuerdo e ingreso con maquinaria pesada para destruir un manantial de agua, de ah\u00ed que lo hacen responsable, al igual que al gobernador Alejandro Murat, de que el acuerdo de paz se caiga.&nbsp;&nbsp;&nbsp;<\/p>\n\n\n\n<p class=\"MsoNormal\">Posteriormente j\u00f3venes estudiantes de la Escuela Normal Rural&nbsp;Vanguardia de Tamazulapan&nbsp;marcharon del parque Ju\u00e1rez \u201cEl Llano\u201d al z\u00f3calo de la ciudad para denunciar el recorte presupuestal por parte de la Federaci\u00f3n, y exigir una educaci\u00f3n de calidad por parte de las autoridades.&nbsp;&nbsp;<\/p>\n\n\n\n<p class=\"MsoNormal\">\u201cVanguardia dice no al recorte presupuestal\u201d, \u201cLa FECSM unida jam\u00e1s ser\u00e1 vencida\u201d y \u201cSomos gotas de libertad, juntos haremos un mar de revoluci\u00f3n\u201d, se pod\u00eda leer en las mantas que portaron durante su marcha.&nbsp;&nbsp;<\/p>\n\n\n\n<p class=\"MsoNormal\">A las afueras de Ciudad Administrativa llegaron algunos manifestantes que exig\u00edan al gobernador pagar el adeudo que mantienen con los comuneros de Santo Domingo Tepuxtepec, Mixes; as\u00ed como integrantes del Frente Estudiantil Universitario y la Alianza de Organizaciones Estudiantiles de la UABJO, quienes exigieron que no haya m\u00e1s rechazados en la m\u00e1xima casa de estudios.&nbsp;&nbsp;<\/p>\n\n\n\n<p class=\"MsoNormal\">Finalmente, a las afuera de la Comisi\u00f3n Federal de Electricidad se manifest\u00f3 un grupo de ciudadanos, para denunciar la violencia de funcionarios de la dependencia en contra de pobladores del municipio de Juchit\u00e1n, en donde pese a contar con aerogenerador tienen las m\u00e1s alta tarifas en el servicio de luz.&nbsp;<\/p>\n\n\n\n<p class=\"MsoNormal\">\u201cAlto a la violencia de la CFE contra el pueblo\u201d, \u201cEl Istmo produce energ\u00eda, nuestro estado genera energ\u00eda. Queremos una tarifa baja como en Tabasco, la m\u00e1s del pa\u00eds\u201d, fueron&nbsp;parte de las consignas.&nbsp;&nbsp;<\/p>\n\n\n\n<p>En la regi\u00f3n del Istmo de Tehuantepec, un grupo de personas tom\u00f3 las instalaciones de la CFE ubicadas a un costado de la carretera trans\u00edsmica en el tramo Juchit\u00e1n \u2013 La Ventosa, para denunciar que de manera violenta les fue cortado el servicio de luz.&nbsp;&nbsp;<\/p>\n\n\n\n<p>Fueron integrantes de la COCEI quienes se asumieron como damnificados de los hechos y exigieron&nbsp;la intervenci\u00f3n del presidente de la Rep\u00fablica, Andr\u00e9s Manuel L\u00f3pez Obrador.&nbsp;&nbsp;<\/p>\n\n\n\n<p>\u201cFuera manos de consejeros independientes de la Comisi\u00f3n Federal, Juchitan Libre\u201d y \u201cLa lucha de AMLO en Tabasco es nuestra lucha en Oaxaca\u201d, fueron parte de las consignas.&nbsp;&nbsp;<\/p>\n\n\n\n<p>As\u00ed mismo se registro un bloqueo en el punto conocido como El Caracol sobre el kilometro 246 de la carretera 190, tramo Jalapa del Marqu\u00e9s a Tehuantepec, dejando sin paso vehicular a la ciudad de Oaxaca, de manera temporal. <\/p>\n","protected":false},"excerpt":{"rendered":"<p>Evlin Arag\u00f3n\/Zona Roja. Oaxaca de Ju\u00e1rez, Oax., 8 de febrero de 2021.- Este lunes dio&hellip;<\/p>\n","protected":false},"author":2,"featured_media":23353,"comment_status":"closed","ping_status":"open","sticky":false,"template":"","format":"standard","meta":{"_lmt_disableupdate":"","_lmt_disable":"","_jetpack_memberships_contains_paid_content":false,"footnotes":""},"categories":[109],"tags":[],"class_list":["post-23354","post","type-post","status-publish","format-standard","has-post-thumbnail","hentry","category-minuto-a-minuto"],"jetpack_featured_media_url":"https:\/\/zonaroja.com.mx\/wp-content\/uploads\/2021\/02\/e3fab2da-e37f-4963-a2c6-c3e5dfa094d8.jpg","jetpack_sharing_enabled":true,"_links":{"self":[{"href":"https:\/\/zonaroja.com.mx\/index.php?rest_route=\/wp\/v2\/posts\/23354","targetHints":{"allow":["GET"]}}],"collection":[{"href":"https:\/\/zonaroja.com.mx\/index.php?rest_route=\/wp\/v2\/posts"}],"about":[{"href":"https:\/\/zonaroja.com.mx\/index.php?rest_route=\/wp\/v2\/types\/post"}],"author":[{"embeddable":true,"href":"https:\/\/zonaroja.com.mx\/index.php?rest_route=\/wp\/v2\/users\/2"}],"replies":[{"embeddable":true,"href":"https:\/\/zonaroja.com.mx\/index.php?rest_route=%2Fwp%2Fv2%2Fcomments&post=23354"}],"version-history":[{"count":1,"href":"https:\/\/zonaroja.com.mx\/index.php?rest_route=\/wp\/v2\/posts\/23354\/revisions"}],"predecessor-version":[{"id":23355,"href":"https:\/\/zonaroja.com.mx\/index.php?rest_route=\/wp\/v2\/posts\/23354\/revisions\/23355"}],"wp:featuredmedia":[{"embeddable":true,"href":"https:\/\/zonaroja.com.mx\/index.php?rest_route=\/wp\/v2\/media\/23353"}],"wp:attachment":[{"href":"https:\/\/zonaroja.com.mx\/index.php?rest_route=%2Fwp%2Fv2%2Fmedia&parent=23354"}],"wp:term":[{"taxonomy":"category","embeddable":true,"href":"https:\/\/zonaroja.com.mx\/index.php?rest_route=%2Fwp%2Fv2%2Fcategories&post=23354"},{"taxonomy":"post_tag","embeddable":true,"href":"https:\/\/zonaroja.com.mx\/index.php?rest_route=%2Fwp%2Fv2%2Ftags&post=23354"}],"curies":[{"name":"wp","href":"https:\/\/api.w.org\/{rel}","templated":true}]}}