{"id":23356,"date":"2021-02-08T17:23:11","date_gmt":"2021-02-08T23:23:11","guid":{"rendered":"http:\/\/www.zonaroja.com.mx\/?p=23356"},"modified":"2021-02-08T17:23:19","modified_gmt":"2021-02-08T23:23:19","slug":"arrecia-inseguridad-en-centro-historico-de-oaxaca-mas-de-400-robos-de-motos-en-2020","status":"publish","type":"post","link":"https:\/\/zonaroja.com.mx\/?p=23356","title":{"rendered":"Arrecia inseguridad en Centro Hist\u00f3rico de Oaxaca: m\u00e1s de 400 robos de motos en 2020"},"content":{"rendered":"\n<p>Yuridiana Sosa\/Zona Roja.<\/p>\n\n\n\n<p>Oaxaca de Ju\u00e1rez, Oax., 8 de febrero de 2021.- Las calles del Centro Hist\u00f3rico de Oaxaca de Ju\u00e1rez se han convertido en tierra de nadie, sin vigilancia por parte de la Polic\u00eda Municipal, es zona de robos a toda hora del d\u00eda.<\/p>\n\n\n\n<p>De manera frecuente se han dado a conocer, por parte de los afectados, videos de c\u00e1maras de seguridad en que se aprecia la forma en que act\u00faan los delincuentes, sin que sean atrapados. Apenas la semana pasada se dieron a conocer dos videos, uno de la calle Garc\u00eda Vigil y otro del estacionamiento del restaurante VIPS, que se ubica en la avenida Ju\u00e1rez.<\/p>\n\n\n\n<p>El m\u00e1s reciente caso se registr\u00f3 la ma\u00f1ana de este lunes en la esquina de las calles de Humboldt y Reforma, a una cuadra del parque Ju\u00e1rez \u201cEl Llano\u201d y del Jard\u00edn Conzatti, en que un sujeto intent\u00f3 robar una motoneta y da\u00f1\u00f3 un espejo.<\/p>\n\n\n\n<p>El sujeto, identificado como Isa\u00edas, fue captado en flagrancia por la v\u00edctima, el reportero de ZONA ROJA, Ismael Garc\u00eda, quien grab\u00f3 el momento en que el presunto ladr\u00f3n llevaba a cabo el delito.<\/p>\n\n\n\n<p>Ante la nula b\u00fasqueda por parte de polic\u00edas municipales, apoyado por colegas reporteros, la v\u00edctima se percat\u00f3 minutos despu\u00e9s de la presencia del sujeto, por lo que de inmediato lo persiguieron en motociclietas, hasta lograr detenerlo sobre la avenida Ju\u00e1rez, a unos metros de Casa Oficial.<\/p>\n\n\n\n<p>Ante la ausencia de elementos de la Polic\u00eda Municipal, la detenci\u00f3n oficial la realiz\u00f3 la Polic\u00eda Estatal; minutos despu\u00e9s, fue presentado al Ministerio P\u00fablico.<\/p>\n\n\n\n<figure class=\"wp-block-embed-twitter wp-block-embed is-type-rich is-provider-twitter\"><div class=\"wp-block-embed__wrapper\">\n<div class=\"twitter-tweet\"><blockquote class=\"twitter-tweet\" data-lang=\"es\"><p lang=\"es\" dir=\"ltr\"><a href=\"https:\/\/twitter.com\/hashtag\/ENVIVO?src=hash&amp;ref_src=twsrc%5Etfw\">#ENVIVO<\/a> <br>Oaxaca de Ju\u00e1rez, Oax., 8 de febrero de 2021.- A falta de polic\u00edas municipales, reporteros localizan y detienen a presunto ladr\u00f3n de motocicleta, en la avenida Ju\u00e1rez de la ciudad de Oaxaca.<br>Aqu\u00ed la transmisi\u00f3n:<br>\ud83d\udc47<a href=\"https:\/\/t.co\/t7Q06ZV7m1\">https:\/\/t.co\/t7Q06ZV7m1<\/a> <a href=\"https:\/\/t.co\/Yqq2F1GDkj\">pic.twitter.com\/Yqq2F1GDkj<\/a><\/p>&mdash; Zona Roja Oaxaca (@Zona_Roja_Oax) <a href=\"https:\/\/twitter.com\/Zona_Roja_Oax\/status\/1358846513426931713?ref_src=twsrc%5Etfw\">8 de febrero de 2021<\/a><\/blockquote><\/div>\n<\/div><\/figure>\n\n\n\n<p>Sin embargo, en la sede de la Fiscal\u00eda General de Oaxaca ubicada en el Centro de la capital, sobre la calle de Arista, se negaron a recibir la denuncia, inform\u00f3 la v\u00edctima.<\/p>\n\n\n\n<p>\u201cLo atrapamos, se lo entregamos a la Polic\u00eda del Estado. Elementos del municipio jam\u00e1s llegaron. Y ahora en la Fiscal\u00eda de Oaxaca, en calle de Arista, Centro, no lo quieren recibir porque no les corresponde. As\u00ed es como salen libres los presuntos delincuentes, lamentable\u201d, sentenci\u00f3 el periodista.<\/p>\n\n\n\n<p>Despu\u00e9s de insistir, la denuncia fue recibida a la v\u00edctima en la sede metropolitana de la Fiscal\u00eda.<\/p>\n\n\n\n<p>Por este delito del fuero com\u00fan, las personas deben acudir a ciudad Judicial en el municipio de San Bartolo Coyotepec.<\/p>\n\n\n\n<p>De acuerdo al Secretariado Ejecutivo del Sistema de Seguridad P\u00fablica, al cierre de 2020, el municipio de Oaxaca de Ju\u00e1rez, acumul\u00f3 409 denuncias por el delito de robo de motocicleta con violencia y sin violencia. Es decir, en promedio, cada mes se registran 34 robos de moto, m\u00e1s de uno al d\u00eda.<\/p>\n","protected":false},"excerpt":{"rendered":"<p>Yuridiana Sosa\/Zona Roja. Oaxaca de Ju\u00e1rez, Oax., 8 de febrero de 2021.- Las calles del&hellip;<\/p>\n","protected":false},"author":2,"featured_media":23357,"comment_status":"closed","ping_status":"open","sticky":false,"template":"","format":"standard","meta":{"_lmt_disableupdate":"","_lmt_disable":"","_jetpack_memberships_contains_paid_content":false,"footnotes":""},"categories":[109,47],"tags":[148],"class_list":["post-23356","post","type-post","status-publish","format-standard","has-post-thumbnail","hentry","category-minuto-a-minuto","category-zona-gris","tag-oaxaca-de-juarez"],"jetpack_featured_media_url":"https:\/\/zonaroja.com.mx\/wp-content\/uploads\/2021\/02\/Robo-motocicleta.jpg","jetpack_sharing_enabled":true,"_links":{"self":[{"href":"https:\/\/zonaroja.com.mx\/index.php?rest_route=\/wp\/v2\/posts\/23356","targetHints":{"allow":["GET"]}}],"collection":[{"href":"https:\/\/zonaroja.com.mx\/index.php?rest_route=\/wp\/v2\/posts"}],"about":[{"href":"https:\/\/zonaroja.com.mx\/index.php?rest_route=\/wp\/v2\/types\/post"}],"author":[{"embeddable":true,"href":"https:\/\/zonaroja.com.mx\/index.php?rest_route=\/wp\/v2\/users\/2"}],"replies":[{"embeddable":true,"href":"https:\/\/zonaroja.com.mx\/index.php?rest_route=%2Fwp%2Fv2%2Fcomments&post=23356"}],"version-history":[{"count":1,"href":"https:\/\/zonaroja.com.mx\/index.php?rest_route=\/wp\/v2\/posts\/23356\/revisions"}],"predecessor-version":[{"id":23358,"href":"https:\/\/zonaroja.com.mx\/index.php?rest_route=\/wp\/v2\/posts\/23356\/revisions\/23358"}],"wp:featuredmedia":[{"embeddable":true,"href":"https:\/\/zonaroja.com.mx\/index.php?rest_route=\/wp\/v2\/media\/23357"}],"wp:attachment":[{"href":"https:\/\/zonaroja.com.mx\/index.php?rest_route=%2Fwp%2Fv2%2Fmedia&parent=23356"}],"wp:term":[{"taxonomy":"category","embeddable":true,"href":"https:\/\/zonaroja.com.mx\/index.php?rest_route=%2Fwp%2Fv2%2Fcategories&post=23356"},{"taxonomy":"post_tag","embeddable":true,"href":"https:\/\/zonaroja.com.mx\/index.php?rest_route=%2Fwp%2Fv2%2Ftags&post=23356"}],"curies":[{"name":"wp","href":"https:\/\/api.w.org\/{rel}","templated":true}]}}