{"id":23359,"date":"2021-02-08T17:47:45","date_gmt":"2021-02-08T23:47:45","guid":{"rendered":"http:\/\/www.zonaroja.com.mx\/?p=23359"},"modified":"2021-02-08T17:47:50","modified_gmt":"2021-02-08T23:47:50","slug":"gobernador-de-veracruz-niega-que-oaxaqueno-haya-sido-asesinado-en-tuxpan","status":"publish","type":"post","link":"https:\/\/zonaroja.com.mx\/?p=23359","title":{"rendered":"Gobernador de Veracruz niega que oaxaque\u00f1o haya sido asesinado en Tuxpan"},"content":{"rendered":"\n<p>Redacci\u00f3n\/Zona Roja.<\/p>\n\n\n\n<p>Oaxaca de Ju\u00e1rez, Oax., 8 de febrero de 2021.- El gobernador de Veracruz, Cuitl\u00e1huac Garc\u00eda Jim\u00e9nez, neg\u00f3 que el comunicador oaxaque\u00f1o, \u00c9dgar Leyva, fue asesinado en Tuxpan, como reportaron medios informativos de Oaxaca.<\/p>\n\n\n\n<p>En conferencia de prensa, el mandatario veracruzano indic\u00f3 que se trata de una noticia falsa que circul\u00f3 en redes sociales, incluso, atribuy\u00f3 la informaci\u00f3n con el fin de \u201cafectar a su gobierno\u201d, de acuerdo a la informaci\u00f3n publicada por el diario \u201cImagen del Golfo\u201d.<\/p>\n\n\n\n<p>Medios de Veracruz, como es \u201cImagen del Golfo\u201d y \u201cAvc Noticias\u201d publicaron sobre la versi\u00f3n de Garc\u00eda Jim\u00e9nez, qui\u00e9n adem\u00e1s dijo que el portal informativo que difundi\u00f3 la noticia baj\u00f3 la informaci\u00f3n, sin ofrecer el nombre del medio al que se refer\u00eda.<\/p>\n\n\n\n<p>Mientras que en Oaxaca, se difundi\u00f3 la informaci\u00f3n &#8211;incluyendo en ZONA ROJA&#8211; sobre el asesinato a balazos del comunicados en esa ciudad del norte de Veracruz la noche de este 7 de febrero. Versi\u00f3n que no ha sido desmentida por los familiares, a pesar de que reiteradamente se les ha inquirido.<\/p>\n\n\n\n<p>El pasado 3 de febrero la familia de \u00c9dgar Leyva, las se\u00f1oras Bernarda R. D., de 54 a\u00f1os de edad, e Isela L. M., de 36 a\u00f1os, su hermana y su t\u00eda, fueron asesinadas en Ocotl\u00e1n de Morelos en la regi\u00f3n de Valles Centrales de Oaxaca.<\/p>\n\n\n\n<p>Ante los hechos, familiares de las v\u00edctimas habr\u00edan pedido medidas cautelares a la Fiscal\u00eda General del Estado de Oaxaca, pues consideraban en riesgo sus vidas, pero les fueron negadas.<\/p>\n","protected":false},"excerpt":{"rendered":"<p>Redacci\u00f3n\/Zona Roja. Oaxaca de Ju\u00e1rez, Oax., 8 de febrero de 2021.- El gobernador de Veracruz,&hellip;<\/p>\n","protected":false},"author":2,"featured_media":23360,"comment_status":"closed","ping_status":"open","sticky":false,"template":"","format":"standard","meta":{"_lmt_disableupdate":"","_lmt_disable":"","_jetpack_memberships_contains_paid_content":false,"footnotes":""},"categories":[109,47],"tags":[2434],"class_list":["post-23359","post","type-post","status-publish","format-standard","has-post-thumbnail","hentry","category-minuto-a-minuto","category-zona-gris","tag-edgar-leyva"],"jetpack_featured_media_url":"https:\/\/zonaroja.com.mx\/wp-content\/uploads\/2021\/02\/Cuitlahuac-Garcia.jpg","jetpack_sharing_enabled":true,"_links":{"self":[{"href":"https:\/\/zonaroja.com.mx\/index.php?rest_route=\/wp\/v2\/posts\/23359","targetHints":{"allow":["GET"]}}],"collection":[{"href":"https:\/\/zonaroja.com.mx\/index.php?rest_route=\/wp\/v2\/posts"}],"about":[{"href":"https:\/\/zonaroja.com.mx\/index.php?rest_route=\/wp\/v2\/types\/post"}],"author":[{"embeddable":true,"href":"https:\/\/zonaroja.com.mx\/index.php?rest_route=\/wp\/v2\/users\/2"}],"replies":[{"embeddable":true,"href":"https:\/\/zonaroja.com.mx\/index.php?rest_route=%2Fwp%2Fv2%2Fcomments&post=23359"}],"version-history":[{"count":1,"href":"https:\/\/zonaroja.com.mx\/index.php?rest_route=\/wp\/v2\/posts\/23359\/revisions"}],"predecessor-version":[{"id":23361,"href":"https:\/\/zonaroja.com.mx\/index.php?rest_route=\/wp\/v2\/posts\/23359\/revisions\/23361"}],"wp:featuredmedia":[{"embeddable":true,"href":"https:\/\/zonaroja.com.mx\/index.php?rest_route=\/wp\/v2\/media\/23360"}],"wp:attachment":[{"href":"https:\/\/zonaroja.com.mx\/index.php?rest_route=%2Fwp%2Fv2%2Fmedia&parent=23359"}],"wp:term":[{"taxonomy":"category","embeddable":true,"href":"https:\/\/zonaroja.com.mx\/index.php?rest_route=%2Fwp%2Fv2%2Fcategories&post=23359"},{"taxonomy":"post_tag","embeddable":true,"href":"https:\/\/zonaroja.com.mx\/index.php?rest_route=%2Fwp%2Fv2%2Ftags&post=23359"}],"curies":[{"name":"wp","href":"https:\/\/api.w.org\/{rel}","templated":true}]}}