{"id":23362,"date":"2021-02-08T19:49:13","date_gmt":"2021-02-09T01:49:13","guid":{"rendered":"http:\/\/www.zonaroja.com.mx\/?p=23362"},"modified":"2021-02-08T19:49:18","modified_gmt":"2021-02-09T01:49:18","slug":"para-exigir-atencion-a-problema-de-limites-tejalapam-cierra-el-paso-a-penoles","status":"publish","type":"post","link":"https:\/\/zonaroja.com.mx\/?p=23362","title":{"rendered":"Para exigir atenci\u00f3n a problema de l\u00edmites, Tejal\u00e1pam cierra el paso a Pe\u00f1oles"},"content":{"rendered":"\n<p>Yuridiana Sosa\/Zona Roja.<\/p>\n\n\n\n<p>Oaxaca de Ju\u00e1rez, Oax., 8 de febrero de 2021.- Autoridades y habitantes del municipio de San Felipe Tejal\u00e1pam, en la regi\u00f3n de Valles Centrales de Oaxaca, cerraron el paso que conecta con Santa Mar\u00eda Pe\u00f1oles, como medida de presi\u00f3n para que autoridades agrarias estatales y nacionales atiendan el l\u00edo de l\u00edmites de tierras.<\/p>\n\n\n\n<p>En asamblea, del pasado 3 de febrero, autoridades de Bienes Comunales y municipales de Tejal\u00e1pam decidieron esa medida para suspender los trabajados de pavimentaci\u00f3n de dos kil\u00f3metros del camino colindante entre ambas comunidades, pero que corresponde a un proyecto para la localidad de Pe\u00f1oles.<\/p>\n\n\n\n<p>El camino fue suspendido con la apertura de una zanja con maquinaria y se rehabilitar\u00e1 hasta&nbsp; que se solucione el problema de invasi\u00f3n de terrenos que denuncia Tejalapam por parte de su vecina comunidad de Santa Mar\u00eda Pe\u00f1oles, que ha comenzado a ingresar a cortar madera y derribar las mojoneras.<\/p>\n\n\n\n<p>Dicha acci\u00f3n contraviene los acuerdos de 1998, que indican el respeto de las mojoneras, as\u00ed como la comunidad de Tejalapam demand\u00f3 la reparaci\u00f3n de la ubicada en paraje Piedra Pala.<\/p>\n\n\n\n<p>En octubre de 2020, la Procuradur\u00eda Agraria de Oaxaca presumi\u00f3 en su cuenta de Twitter que \u201crecorri\u00f3 los l\u00edmites con pobladores de San Felipe Tejal\u00e1pam y Santa Mar\u00eda Pe\u00f1oles para alternativas de soluci\u00f3n al conflicto que dificulta al Programa de Pavimentaci\u00f3n de Caminos a Cabeceras Municipales\u201d.<\/p>\n\n\n\n<p>Sin embargo, de acuerdo con los pobladores afectados, hasta el momento la Secretar\u00eda General de Gobierno, que encabeza Francisco Garc\u00eda L\u00f3pez, no ha recorrido la zona.<\/p>\n","protected":false},"excerpt":{"rendered":"<p>Yuridiana Sosa\/Zona Roja. Oaxaca de Ju\u00e1rez, Oax., 8 de febrero de 2021.- Autoridades y habitantes&hellip;<\/p>\n","protected":false},"author":2,"featured_media":23363,"comment_status":"closed","ping_status":"open","sticky":false,"template":"","format":"standard","meta":{"_lmt_disableupdate":"","_lmt_disable":"","_jetpack_memberships_contains_paid_content":false,"footnotes":""},"categories":[109,47],"tags":[1606],"class_list":["post-23362","post","type-post","status-publish","format-standard","has-post-thumbnail","hentry","category-minuto-a-minuto","category-zona-gris","tag-san-felipe-tejalapam"],"jetpack_featured_media_url":"https:\/\/zonaroja.com.mx\/wp-content\/uploads\/2021\/02\/San-Felipe-Tejalapam.jpg","jetpack_sharing_enabled":true,"_links":{"self":[{"href":"https:\/\/zonaroja.com.mx\/index.php?rest_route=\/wp\/v2\/posts\/23362","targetHints":{"allow":["GET"]}}],"collection":[{"href":"https:\/\/zonaroja.com.mx\/index.php?rest_route=\/wp\/v2\/posts"}],"about":[{"href":"https:\/\/zonaroja.com.mx\/index.php?rest_route=\/wp\/v2\/types\/post"}],"author":[{"embeddable":true,"href":"https:\/\/zonaroja.com.mx\/index.php?rest_route=\/wp\/v2\/users\/2"}],"replies":[{"embeddable":true,"href":"https:\/\/zonaroja.com.mx\/index.php?rest_route=%2Fwp%2Fv2%2Fcomments&post=23362"}],"version-history":[{"count":1,"href":"https:\/\/zonaroja.com.mx\/index.php?rest_route=\/wp\/v2\/posts\/23362\/revisions"}],"predecessor-version":[{"id":23364,"href":"https:\/\/zonaroja.com.mx\/index.php?rest_route=\/wp\/v2\/posts\/23362\/revisions\/23364"}],"wp:featuredmedia":[{"embeddable":true,"href":"https:\/\/zonaroja.com.mx\/index.php?rest_route=\/wp\/v2\/media\/23363"}],"wp:attachment":[{"href":"https:\/\/zonaroja.com.mx\/index.php?rest_route=%2Fwp%2Fv2%2Fmedia&parent=23362"}],"wp:term":[{"taxonomy":"category","embeddable":true,"href":"https:\/\/zonaroja.com.mx\/index.php?rest_route=%2Fwp%2Fv2%2Fcategories&post=23362"},{"taxonomy":"post_tag","embeddable":true,"href":"https:\/\/zonaroja.com.mx\/index.php?rest_route=%2Fwp%2Fv2%2Ftags&post=23362"}],"curies":[{"name":"wp","href":"https:\/\/api.w.org\/{rel}","templated":true}]}}