{"id":23365,"date":"2021-02-08T21:18:59","date_gmt":"2021-02-09T03:18:59","guid":{"rendered":"http:\/\/www.zonaroja.com.mx\/?p=23365"},"modified":"2021-02-08T21:19:04","modified_gmt":"2021-02-09T03:19:04","slug":"lios-en-pvem-desconocen-a-dirigente-municipal-que-ellos-mismos-designaron","status":"publish","type":"post","link":"https:\/\/zonaroja.com.mx\/?p=23365","title":{"rendered":"L\u00edos en PVEM; desconocen a dirigente municipal\u2026 que ellos mismos designaron"},"content":{"rendered":"\n<p>Redacci\u00f3n\/Zona Roja.<\/p>\n\n\n\n<p>Oaxaca de Ju\u00e1rez, Oax., 8 de febrero de 2021.- La ma\u00f1ana de este lunes, el dirigente municipal del Partido Verde Ecologista en Oaxaca de Ju\u00e1rez, Eduardo Reyes Santiago, denunci\u00f3 en conferencia de prensa que no le quisieron otorgar el registro como aspirante a edil.<\/p>\n\n\n\n<p>Asimismo, rechaz\u00f3 imposici\u00f3n de alg\u00fan candidato y se\u00f1al\u00f3 que la dirigencia que encabeza Jos\u00e9 Antonio Estefan Guillessen, pretende imponer a uno ajeno al partido; reiter\u00f3 su convicci\u00f3n que el PVEM ir\u00e1 solo en la contienda municipal.<\/p>\n\n\n\n<p>Sin embargo, tras ello, v\u00eda redes sociales comenzaron a desconocer a Reyes Santiago, a se\u00f1alar que no ten\u00eda militancia.<\/p>\n\n\n\n<p>No obstante, el dirigente municipal difundi\u00f3 fotograf\u00edas en que el propio Estefan Guillessen le tom\u00f3 protesta, acompa\u00f1ado de Elpidio Altamirano, el 30 de enero de 2019.<\/p>\n\n\n\n<p>Incluso dijo que tiene documentos que avalan su nombramiento como presidente municipal del PVEM. Consider\u00f3 que el enojo de la dirigencia estatal es porque se opone a una alianza con otros partidos y porque Estefan Guillessen est\u00e1 negociando respaldar la designaci\u00f3n de Javier Villaca\u00f1a Jim\u00e9nez, a quien postular\u00eda el PRI.<\/p>\n\n\n\n<p>Eduardo Reyes remarc\u00f3 que no permitir\u00e1 imposiciones y que recurrir\u00e1 a los tribunales para que se respete su derecho a ser inscrito como candidato a la presidencia municipal capitalina.<\/p>\n","protected":false},"excerpt":{"rendered":"<p>Redacci\u00f3n\/Zona Roja. Oaxaca de Ju\u00e1rez, Oax., 8 de febrero de 2021.- La ma\u00f1ana de este&hellip;<\/p>\n","protected":false},"author":2,"featured_media":23366,"comment_status":"closed","ping_status":"open","sticky":false,"template":"","format":"standard","meta":{"_lmt_disableupdate":"","_lmt_disable":"","_jetpack_memberships_contains_paid_content":false,"footnotes":""},"categories":[109,47],"tags":[2435,2176],"class_list":["post-23365","post","type-post","status-publish","format-standard","has-post-thumbnail","hentry","category-minuto-a-minuto","category-zona-gris","tag-eduardo-reyes-santiago","tag-partido-verde-ecologista-de-mexico-pvem"],"jetpack_featured_media_url":"https:\/\/zonaroja.com.mx\/wp-content\/uploads\/2021\/02\/PVEM2.jpg","jetpack_sharing_enabled":true,"_links":{"self":[{"href":"https:\/\/zonaroja.com.mx\/index.php?rest_route=\/wp\/v2\/posts\/23365","targetHints":{"allow":["GET"]}}],"collection":[{"href":"https:\/\/zonaroja.com.mx\/index.php?rest_route=\/wp\/v2\/posts"}],"about":[{"href":"https:\/\/zonaroja.com.mx\/index.php?rest_route=\/wp\/v2\/types\/post"}],"author":[{"embeddable":true,"href":"https:\/\/zonaroja.com.mx\/index.php?rest_route=\/wp\/v2\/users\/2"}],"replies":[{"embeddable":true,"href":"https:\/\/zonaroja.com.mx\/index.php?rest_route=%2Fwp%2Fv2%2Fcomments&post=23365"}],"version-history":[{"count":1,"href":"https:\/\/zonaroja.com.mx\/index.php?rest_route=\/wp\/v2\/posts\/23365\/revisions"}],"predecessor-version":[{"id":23367,"href":"https:\/\/zonaroja.com.mx\/index.php?rest_route=\/wp\/v2\/posts\/23365\/revisions\/23367"}],"wp:featuredmedia":[{"embeddable":true,"href":"https:\/\/zonaroja.com.mx\/index.php?rest_route=\/wp\/v2\/media\/23366"}],"wp:attachment":[{"href":"https:\/\/zonaroja.com.mx\/index.php?rest_route=%2Fwp%2Fv2%2Fmedia&parent=23365"}],"wp:term":[{"taxonomy":"category","embeddable":true,"href":"https:\/\/zonaroja.com.mx\/index.php?rest_route=%2Fwp%2Fv2%2Fcategories&post=23365"},{"taxonomy":"post_tag","embeddable":true,"href":"https:\/\/zonaroja.com.mx\/index.php?rest_route=%2Fwp%2Fv2%2Ftags&post=23365"}],"curies":[{"name":"wp","href":"https:\/\/api.w.org\/{rel}","templated":true}]}}