{"id":23384,"date":"2021-02-09T08:03:36","date_gmt":"2021-02-09T14:03:36","guid":{"rendered":"http:\/\/www.zonaroja.com.mx\/?p=23384"},"modified":"2021-02-09T08:03:39","modified_gmt":"2021-02-09T14:03:39","slug":"oaxaca-con-desarrollo-minimo-y-con-dificultad-para-mejorar-estudio","status":"publish","type":"post","link":"https:\/\/zonaroja.com.mx\/?p=23384","title":{"rendered":"Oaxaca, con desarrollo m\u00ednimo y con dificultad para mejorar: estudio"},"content":{"rendered":"\n<p>Yuridiana Sosa\/Zona Roja.<\/p>\n\n\n\n<p>Oaxaca de Ju\u00e1rez, Oax., 9 de febrero de 2021.- El estado de Oaxaca destac\u00f3 el a\u00f1o pasado por su bajo y m\u00ednimo desarrollo en los \u00edndices de desarrollo democr\u00e1tico, democracia de los ciudadanos, democracia de las instituciones, democracia social y democracia econ\u00f3mica.<\/p>\n\n\n\n<p>As\u00ed lo revel\u00f3 el estudio \u201c\u00cdndice de Desarrollo Democr\u00e1tico de M\u00e9xicoIDD-Mex 2020\u201d, que realiz\u00f3 la Fundaci\u00f3n Konrad Adenauer en M\u00e9xico, en colaboraci\u00f3n con el Instituto Nacional Electoral (INE).<\/p>\n\n\n\n<p>Las estad\u00edsticas indicaron que, en el aspecto del \u00edndice de desarrollo democr\u00e1tico, Oaxaca se coloc\u00f3 en el lugar 28, con calificaci\u00f3n de desarrollo m\u00ednimo, mismo lugar que en el 2019.<\/p>\n\n\n\n<p>En democracia de los ciudadanos, la situaci\u00f3n fue peor al pasar del sitio 15 al 23, con bajo desarrollo; en democracia de las instituciones, tambi\u00e9n baj\u00f3, de la posici\u00f3n 24, al lugar 26, con desarrollo m\u00ednimo.<\/p>\n\n\n\n<p>Mientras que, en democracia social, se mantuvo con un bajo desarrollo con el lugar 23 y en democracia econ\u00f3mica, calific\u00f3 en el sitio 29 con desarrollo m\u00ednimo.<\/p>\n\n\n\n<p>El estudio indic\u00f3 que en general, la Democracia de los Ciudadanos es&nbsp; medio, pues desde&nbsp; el&nbsp; a\u00f1o 2014&nbsp; Oaxaca&nbsp; presenta&nbsp; incrementos&nbsp; y descensos que muestran la \u201cpoca estabilidad de su calidad de desarrollo y la dificultad para mejorar&nbsp; y&nbsp; consolidar&nbsp; un&nbsp; camino&nbsp; virtuoso&nbsp; en&nbsp; esta dimensi\u00f3n\u201d.<\/p>\n\n\n\n<p>En el indicador de Poblaci\u00f3n Bajo La L\u00ednea De Pobreza Chiapas, Guerrero y Oaxaca son los estados que se ubican en los lugares m\u00e1s bajos de la tabla. Dicho indicador es sobre la eficiencia del sistema en resolver los problemas b\u00e1sicos de los sectores m\u00e1s humildes de la poblaci\u00f3n.<\/p>\n\n\n\n<p>En M\u00e9xico, 4 de cada 10 habitantes son pobres. Del a\u00f1o 2008 al 2018, el n\u00famero de pobres pas\u00f3 de 49.5 a 52.4 millones, un aumento de 3 millones, aunque en porcentaje representa un n\u00famero menor.<\/p>\n\n\n\n<p>En la dimensi\u00f3n de Democracia Econ\u00f3mica, relacionado a la inversi\u00f3n, Oaxaca, San Luis Potos\u00ed y Guerrero conforman el grupo de bajo desarrollo.<\/p>\n\n\n\n<p>Mientras que en el Coeficiente de Desigualdad de Ingresos, Oaxaca es el \u00fanico estado que presenta bajo desarrollo, mientras que otros 10 estados integran el grupo de desarrollo medio.<\/p>\n\n\n\n<p>Este indicador mide la desigualdad en la distribuci\u00f3n del ingreso y es uno de los factores que limitan el desarrollo social y econ\u00f3mico, \u201cya que una sociedad&nbsp; menos&nbsp; igualitaria&nbsp; condiciona&nbsp; las&nbsp; posibilidades&nbsp; de&nbsp; los&nbsp; individuos&nbsp; para&nbsp; desarrollarse&nbsp; y&nbsp; generar&nbsp; valor\u201d, se\u00f1al\u00f3 el estudio.<\/p>\n\n\n\n<p>Oaxaca, Guerrero, Tlaxcala y&nbsp; Yucat\u00e1n, adem\u00e1s de Chiapas, presentaron puntajes&nbsp; de&nbsp; alta&nbsp; inversi\u00f3n Gasto P\u00fablico en Salud , pero a pesar de la cantidad de recursos que destinan al sector salud, sus efectos no se aprecian, concluyeron las especialistas.<\/p>\n\n\n\n<p>&nbsp;El Gasto en Educaci\u00f3n destacaron Oaxaca, Chiapas,&nbsp; Guerrero&nbsp; y&nbsp; Tlaxcala, pero el estudio precis\u00f3 que \u201cno siempre&nbsp; alta&nbsp; inversi\u00f3n&nbsp; equivale&nbsp; a&nbsp; buenos&nbsp; indicadores&nbsp; de&nbsp; calidad&nbsp; educativa\u201d.<\/p>\n\n\n\n<p>Pues Chiapas y&nbsp; Oaxaca&nbsp; poseen&nbsp; los&nbsp; niveles&nbsp; m\u00e1s&nbsp; altos&nbsp; de&nbsp; mexicanos&nbsp; con&nbsp; rezago&nbsp; educativo, debido a que de los&nbsp; 89.7&nbsp; millones&nbsp; de&nbsp; personas de 15 a\u00f1os y m\u00e1s del pa\u00eds (34.4 por ciento) se encuentra&nbsp; en&nbsp; situaci\u00f3n&nbsp; de&nbsp; rezago&nbsp; educativo, los&nbsp; niveles&nbsp; m\u00e1s&nbsp; altos&nbsp; est\u00e1n en Chiapas con 52 por ciento y&nbsp; en Oaxaca con 51 por ciento, seguido de&nbsp; Michoac\u00e1n con 47.8 por ciento.<\/p>\n\n\n\n<p>En cuanto al tema de analfabetismo, de los 4.7 millones de personas de 15 a\u00f1os de edad o m\u00e1s que no saben leer y escribir en el pa\u00eds residen en Chiapas, Guerrero y Oaxaca, esta \u00faltima entidad con el 13.3 por ciento, es decir, casi ocho puntos porcentuales por encima del dato nacional.<\/p>\n\n\n\n<p>Entre otros aspectos que se consideraron fue el de afectaci\u00f3n de la libertad de prensa, el que Oaxaca y Guerrero aparecen en los \u00faltimos lugares del ranking.<\/p>\n\n\n\n<p>Los datos indican que entre el 1 de enero y el 31 de diciembre se agredi\u00f3 a un periodista cada 15 horas.&nbsp; Los estados&nbsp; con&nbsp; mayor n\u00famero de ataques registrados son Ciudad de M\u00e9xico, 84; Quintana Roo,57; Guerrero, 51; Puebla, 34 y Oaxaca y Veracruz con&nbsp; 33 cada uno<\/p>\n\n\n\n<p>La organizaci\u00f3n internacional detect\u00f3 609&nbsp; casos&nbsp; de&nbsp; ataques&nbsp; contra&nbsp; informadores&nbsp; y&nbsp; medios&nbsp; de&nbsp; comunicaci\u00f3n.<\/p>\n\n\n\n<p>Finalmente, entre los indicadores positivos para Oaxaca fue el del PIB, que tuvo un crecimiento del 4.7 por ciento.<\/p>\n\n\n\n<p>En t\u00e9rminos reales, el PIB nacional creci\u00f3 2.1 por ciento en 2018 respecto a 2017 y por entidad, 26 de los 32 estados reportaron alzas en su PIB, sobresaliendo con el mayor crecimiento: Baja California Sur con 17.2 por ciento, Quintana Roo, 5.1 por ciento y Oaxaca con 4.7.<\/p>\n","protected":false},"excerpt":{"rendered":"<p>Yuridiana Sosa\/Zona Roja. Oaxaca de Ju\u00e1rez, Oax., 9 de febrero de 2021.- El estado de&hellip;<\/p>\n","protected":false},"author":2,"featured_media":16524,"comment_status":"closed","ping_status":"open","sticky":false,"template":"","format":"standard","meta":{"_lmt_disableupdate":"","_lmt_disable":"","_jetpack_memberships_contains_paid_content":false,"footnotes":""},"categories":[109,47],"tags":[58],"class_list":["post-23384","post","type-post","status-publish","format-standard","has-post-thumbnail","hentry","category-minuto-a-minuto","category-zona-gris","tag-oaxaca"],"jetpack_featured_media_url":"https:\/\/zonaroja.com.mx\/wp-content\/uploads\/2020\/08\/Oaxaca.jpg","jetpack_sharing_enabled":true,"_links":{"self":[{"href":"https:\/\/zonaroja.com.mx\/index.php?rest_route=\/wp\/v2\/posts\/23384","targetHints":{"allow":["GET"]}}],"collection":[{"href":"https:\/\/zonaroja.com.mx\/index.php?rest_route=\/wp\/v2\/posts"}],"about":[{"href":"https:\/\/zonaroja.com.mx\/index.php?rest_route=\/wp\/v2\/types\/post"}],"author":[{"embeddable":true,"href":"https:\/\/zonaroja.com.mx\/index.php?rest_route=\/wp\/v2\/users\/2"}],"replies":[{"embeddable":true,"href":"https:\/\/zonaroja.com.mx\/index.php?rest_route=%2Fwp%2Fv2%2Fcomments&post=23384"}],"version-history":[{"count":1,"href":"https:\/\/zonaroja.com.mx\/index.php?rest_route=\/wp\/v2\/posts\/23384\/revisions"}],"predecessor-version":[{"id":23385,"href":"https:\/\/zonaroja.com.mx\/index.php?rest_route=\/wp\/v2\/posts\/23384\/revisions\/23385"}],"wp:featuredmedia":[{"embeddable":true,"href":"https:\/\/zonaroja.com.mx\/index.php?rest_route=\/wp\/v2\/media\/16524"}],"wp:attachment":[{"href":"https:\/\/zonaroja.com.mx\/index.php?rest_route=%2Fwp%2Fv2%2Fmedia&parent=23384"}],"wp:term":[{"taxonomy":"category","embeddable":true,"href":"https:\/\/zonaroja.com.mx\/index.php?rest_route=%2Fwp%2Fv2%2Fcategories&post=23384"},{"taxonomy":"post_tag","embeddable":true,"href":"https:\/\/zonaroja.com.mx\/index.php?rest_route=%2Fwp%2Fv2%2Ftags&post=23384"}],"curies":[{"name":"wp","href":"https:\/\/api.w.org\/{rel}","templated":true}]}}