{"id":2339,"date":"2019-07-17T21:22:20","date_gmt":"2019-07-18T02:22:20","guid":{"rendered":"http:\/\/www.zonaroja.com.mx\/?p=2339"},"modified":"2019-07-17T21:23:49","modified_gmt":"2019-07-18T02:23:49","slug":"busca-sep-gratuidad-y-universalidad-de-la-educacion-superior-en-mexico","status":"publish","type":"post","link":"https:\/\/zonaroja.com.mx\/?p=2339","title":{"rendered":"Busca SEP gratuidad y universalidad de la educaci\u00f3n superior en M\u00e9xico"},"content":{"rendered":"\n<p>Ismael\nGarc\u00eda M.<\/p>\n\n\n\n<p>Oaxaca de\nJu\u00e1rez, Oax., 17 de julio de 2019.- La Secretar\u00eda de Educaci\u00f3n P\u00fablica plantea\nque en las normas secundarias y art\u00edculos transitorios de la Ley General de\nEducaci\u00f3n quede establecida la gratuidad y universalidad de la educaci\u00f3n\nsuperior en instituciones p\u00fablicas del pa\u00eds.<\/p>\n\n\n\n<p>Lo anterior\nlo confirm\u00f3 el subsecretario de la SEP, Luciano Concheiro, durante su visita a\nOaxaca, invitado por la Universidad Aut\u00f3noma \u201cBenito Ju\u00e1rez\u201d de Oaxaca.<\/p>\n\n\n\n<p>En una\nconferencia que dict\u00f3 a directores, funcionarios y ex funcionarios de la\ninstituci\u00f3n, el subsecretario de Educaci\u00f3n Superior consider\u00f3 que los\nresultados de la discusi\u00f3n de las leyes secundarias ser\u00e1n positivos, pese a las\ndiferencias ideol\u00f3gicas y partidistas.<\/p>\n\n\n\n<p>Dijo que as\u00ed\nsucedi\u00f3 en el an\u00e1lisis y posterior aprobaci\u00f3n de la ley educativa, que supli\u00f3 a\nla Reforma Educativa que implement\u00f3 en su sexenio el entonces presidente\nEnrique Pe\u00f1a Nieto.<\/p>\n\n\n\n<p>\u201cEstamos planteando un fondo especial, para la gratuidad, la cobertura total, la universalizaci\u00f3n de la educaci\u00f3n superior en nuestro pa\u00eds\u201d, expuso, al tiempo de reconocer que hace falta que la educaci\u00f3n sea entendida como una pol\u00edtica de Estado.<\/p>\n\n\n\n<p>Se pronunci\u00f3\nigualmente porque la autonom\u00eda universitaria sea recuperada desde las propias\nuniversidades.<\/p>\n\n\n\n<p>Por su parte, el rector de la UABJO, Eduardo Bautista Mart\u00ednez, expuso que se debe erradicar la opacidad y la corrupci\u00f3n en el conjunto de las instituciones de educaci\u00f3n superior.<\/p>\n\n\n\n<figure class=\"wp-block-embed-twitter wp-block-embed is-type-rich is-provider-twitter\"><div class=\"wp-block-embed__wrapper\">\n<div class=\"twitter-tweet\"><blockquote class=\"twitter-tweet\" data-lang=\"es\"><p lang=\"es\" dir=\"ltr\">La <a href=\"https:\/\/twitter.com\/UABJO?ref_src=twsrc%5Etfw\">@UABJO<\/a> ha hecho su labor, hay logros pero hace falta mucho por hacer; son inercias de d\u00e9cadas y tenemos que avanzar hacia la transformaci\u00f3n, dice el rector <a href=\"https:\/\/twitter.com\/Bautistaeduardo?ref_src=twsrc%5Etfw\">@Bautistaeduardo<\/a>, ante el subsecretario de la <a href=\"https:\/\/twitter.com\/SEP_mx?ref_src=twsrc%5Etfw\">@SEP_mx<\/a>, <a href=\"https:\/\/twitter.com\/LucianoConchier?ref_src=twsrc%5Etfw\">@LucianoConchier<\/a>, durante un di\u00e1logo con universitarios. <a href=\"https:\/\/t.co\/Euz3z9saXg\">pic.twitter.com\/Euz3z9saXg<\/a><\/p>&mdash; Zona Roja Oaxaca (@MexRoja) <a href=\"https:\/\/twitter.com\/MexRoja\/status\/1151584353920671751?ref_src=twsrc%5Etfw\">17 de julio de 2019<\/a><\/blockquote><\/div>\n<\/div><\/figure>\n\n\n\n<p>\u201cTenemos que\navanzar en los procesos de saneamiento financiero. Las universidades debemos\ndejar de estar con la expresi\u00f3n dame-dame, para ver qu\u00e9 podemos aportar en este\nproceso de construcci\u00f3n y transformaci\u00f3n del pa\u00eds\u201d, dijo.<\/p>\n\n\n\n<p>Dijo que hay\nla necesidad de certidumbre presupuestal para el conjunto de las instituciones de\neducaci\u00f3n superior, pero tambi\u00e9n hay que generar condiciones de piso parejo,\ndistribuci\u00f3n equitativa de los recursos.<\/p>\n\n\n\n<p>\u201cSi bien en\nnuestro pa\u00eds estamos convocados a una gran transformaci\u00f3n, a la Cuarta\nTransformaci\u00f3n, por parte del Presidente de la Rep\u00fablica, Andr\u00e9s Manuel L\u00f3pez\nObrador, es importante conocer las rutas, los alcances, las posibilidades de\nesta transformaci\u00f3n que tendr\u00edan que emprenderse dentro de la educaci\u00f3n y\nparticularmente las universidades p\u00fablicas\u201d, dijo en su mensaje.<\/p>\n","protected":false},"excerpt":{"rendered":"<p>Ismael Garc\u00eda M. Oaxaca de Ju\u00e1rez, Oax., 17 de julio de 2019.- La Secretar\u00eda de&hellip;<\/p>\n","protected":false},"author":2,"featured_media":2340,"comment_status":"closed","ping_status":"open","sticky":false,"template":"","format":"standard","meta":{"_lmt_disableupdate":"","_lmt_disable":"","_jetpack_memberships_contains_paid_content":false,"footnotes":""},"categories":[109,46],"tags":[361,360,282],"class_list":["post-2339","post","type-post","status-publish","format-standard","has-post-thumbnail","hentry","category-minuto-a-minuto","category-zona-blanca","tag-luciano-concheiro","tag-rector-eduardo-bautista-martinez","tag-universidad-autonoma-benito-juarez-de-oaxaca"],"jetpack_featured_media_url":"https:\/\/zonaroja.com.mx\/wp-content\/uploads\/2019\/07\/201abbf9-8c05-4ac7-8efc-a9a27d47790d.jpg","jetpack_sharing_enabled":true,"_links":{"self":[{"href":"https:\/\/zonaroja.com.mx\/index.php?rest_route=\/wp\/v2\/posts\/2339","targetHints":{"allow":["GET"]}}],"collection":[{"href":"https:\/\/zonaroja.com.mx\/index.php?rest_route=\/wp\/v2\/posts"}],"about":[{"href":"https:\/\/zonaroja.com.mx\/index.php?rest_route=\/wp\/v2\/types\/post"}],"author":[{"embeddable":true,"href":"https:\/\/zonaroja.com.mx\/index.php?rest_route=\/wp\/v2\/users\/2"}],"replies":[{"embeddable":true,"href":"https:\/\/zonaroja.com.mx\/index.php?rest_route=%2Fwp%2Fv2%2Fcomments&post=2339"}],"version-history":[{"count":2,"href":"https:\/\/zonaroja.com.mx\/index.php?rest_route=\/wp\/v2\/posts\/2339\/revisions"}],"predecessor-version":[{"id":2342,"href":"https:\/\/zonaroja.com.mx\/index.php?rest_route=\/wp\/v2\/posts\/2339\/revisions\/2342"}],"wp:featuredmedia":[{"embeddable":true,"href":"https:\/\/zonaroja.com.mx\/index.php?rest_route=\/wp\/v2\/media\/2340"}],"wp:attachment":[{"href":"https:\/\/zonaroja.com.mx\/index.php?rest_route=%2Fwp%2Fv2%2Fmedia&parent=2339"}],"wp:term":[{"taxonomy":"category","embeddable":true,"href":"https:\/\/zonaroja.com.mx\/index.php?rest_route=%2Fwp%2Fv2%2Fcategories&post=2339"},{"taxonomy":"post_tag","embeddable":true,"href":"https:\/\/zonaroja.com.mx\/index.php?rest_route=%2Fwp%2Fv2%2Ftags&post=2339"}],"curies":[{"name":"wp","href":"https:\/\/api.w.org\/{rel}","templated":true}]}}