{"id":23391,"date":"2021-02-09T15:20:21","date_gmt":"2021-02-09T21:20:21","guid":{"rendered":"https:\/\/www.zonaroja.com.mx\/?p=23391"},"modified":"2021-02-09T15:20:25","modified_gmt":"2021-02-09T21:20:25","slug":"crece-tension-entre-penoles-y-tejalapam-por-incendio-en-paraje","status":"publish","type":"post","link":"https:\/\/zonaroja.com.mx\/?p=23391","title":{"rendered":"Crece tensi\u00f3n entre Pe\u00f1oles y Tejal\u00e1pam, por incendio en paraje"},"content":{"rendered":"\n<p class=\"MsoNormal\">Yuridiana Sosa\/Zona Roja. <\/p>\n\n\n\n<p class=\"MsoNormal\">Oaxaca de Ju\u00e1rez, Oax., 9 de febrero de 2021.- Un incendio en el cerro \u201cEl Aguacate\u201d, en l\u00edmites de las comunidades de Santa Mar\u00eda Pe\u00f1oles y San Felipe Tejal\u00e1pam, reaviv\u00f3 la tensi\u00f3n entre las poblaciones, pues \u00e9sta \u00faltima responsabiliza y se\u00f1ala amenazas de sus vecinos, as\u00ed como advierte de posible enfrentamiento.<\/p>\n\n\n\n<p class=\"MsoNormal\">Habitantes y autoridades de Tejal\u00e1pam apuntaron que la noche de&nbsp;<a href=\"\/\/1\">este lunes<\/a>, presuntos pobladores de Pe\u00f1oles incendiaron el cerro de San Felipe Tejal\u00e1pam, tras el bloqueo a su camino efectuado ayer por la ma\u00f1ana.<\/p>\n\n\n\n<p class=\"MsoNormal\">A trav\u00e9s de un comunicado informal, la comunidad de Tejal\u00e1pam report\u00f3 que al intentar subir al paraje a sofocar el incendio recibi\u00f3 amenazas de sus vecinos de Pe\u00f1oles con ser atacados con armas de fuego.<\/p>\n\n\n\n<p class=\"MsoNormal\">\u201cLa Secretar\u00eda General de Gobierno no ha hecho nada por llamarlos a un di\u00e1logo. Hay riesgo de enfrentamiento entre ambas comunidades\u201d, advirti\u00f3 Tejal\u00e1pam.<\/p>\n\n\n\n<p class=\"MsoNormal\">Para presionar a la Segego, San Felipe Tejal\u00e1pam rompi\u00f3 el camino que comunica a Pe\u00f1oles, pues el conflicto de l\u00edmites de tierra se reanim\u00f3 con el desconocimiento del acuerdo de paz de 1998, por parte de Pe\u00f1oles, a quienes tambi\u00e9n acusan de destruir mojoneras y talar \u00e1rboles en el paraje Piedra Pela.<\/p>\n\n\n\n<p class=\"MsoNormal\">Por su parte, el presidente de Santa Mar\u00eda Pe\u00f1oles, Nicol\u00e1s Santiago Santiago, inform\u00f3 que sus comuneros, pobladores y autoridades municipales atendieron el incendio en el paraje \u201cEl Aguacate\u201d.<\/p>\n\n\n\n<p class=\"MsoNormal\">Apuntaron que asistieron desconociendo los motivos del origen del fuego y sin la intenci\u00f3n de confrontar a sus vecinos de Tejal\u00e1pam.&nbsp;<\/p>\n\n\n\n<p class=\"MsoNormal\">\u201cEstamos conscientes que la mejor ruta para superar las diferencias con San Felipe Tejal\u00e1pam es el di\u00e1logo, es por ello que en las pr\u00f3ximas horas la Secretaria General de Gobierno nos agendar\u00e1 una mesa de trabajo, petici\u00f3n que la autoridad que represento ya lo hab\u00eda solicitado de manera formal\u201d, agreg\u00f3 el edil. <\/p>\n","protected":false},"excerpt":{"rendered":"<p>Yuridiana Sosa\/Zona Roja. Oaxaca de Ju\u00e1rez, Oax., 9 de febrero de 2021.- Un incendio en&hellip;<\/p>\n","protected":false},"author":2,"featured_media":23390,"comment_status":"closed","ping_status":"open","sticky":false,"template":"","format":"standard","meta":{"_lmt_disableupdate":"","_lmt_disable":"","_jetpack_memberships_contains_paid_content":false,"footnotes":""},"categories":[109,47],"tags":[1606],"class_list":["post-23391","post","type-post","status-publish","format-standard","has-post-thumbnail","hentry","category-minuto-a-minuto","category-zona-gris","tag-san-felipe-tejalapam"],"jetpack_featured_media_url":"https:\/\/zonaroja.com.mx\/wp-content\/uploads\/2021\/02\/e1de6fdb-d42c-4fd5-96cd-bb12f220f282.jpg","jetpack_sharing_enabled":true,"_links":{"self":[{"href":"https:\/\/zonaroja.com.mx\/index.php?rest_route=\/wp\/v2\/posts\/23391","targetHints":{"allow":["GET"]}}],"collection":[{"href":"https:\/\/zonaroja.com.mx\/index.php?rest_route=\/wp\/v2\/posts"}],"about":[{"href":"https:\/\/zonaroja.com.mx\/index.php?rest_route=\/wp\/v2\/types\/post"}],"author":[{"embeddable":true,"href":"https:\/\/zonaroja.com.mx\/index.php?rest_route=\/wp\/v2\/users\/2"}],"replies":[{"embeddable":true,"href":"https:\/\/zonaroja.com.mx\/index.php?rest_route=%2Fwp%2Fv2%2Fcomments&post=23391"}],"version-history":[{"count":1,"href":"https:\/\/zonaroja.com.mx\/index.php?rest_route=\/wp\/v2\/posts\/23391\/revisions"}],"predecessor-version":[{"id":23392,"href":"https:\/\/zonaroja.com.mx\/index.php?rest_route=\/wp\/v2\/posts\/23391\/revisions\/23392"}],"wp:featuredmedia":[{"embeddable":true,"href":"https:\/\/zonaroja.com.mx\/index.php?rest_route=\/wp\/v2\/media\/23390"}],"wp:attachment":[{"href":"https:\/\/zonaroja.com.mx\/index.php?rest_route=%2Fwp%2Fv2%2Fmedia&parent=23391"}],"wp:term":[{"taxonomy":"category","embeddable":true,"href":"https:\/\/zonaroja.com.mx\/index.php?rest_route=%2Fwp%2Fv2%2Fcategories&post=23391"},{"taxonomy":"post_tag","embeddable":true,"href":"https:\/\/zonaroja.com.mx\/index.php?rest_route=%2Fwp%2Fv2%2Ftags&post=23391"}],"curies":[{"name":"wp","href":"https:\/\/api.w.org\/{rel}","templated":true}]}}