{"id":23396,"date":"2021-02-09T17:59:20","date_gmt":"2021-02-09T23:59:20","guid":{"rendered":"http:\/\/www.zonaroja.com.mx\/?p=23396"},"modified":"2021-02-09T17:59:24","modified_gmt":"2021-02-09T23:59:24","slug":"surgen-mas-inconformidades-en-el-pvem-contra-su-dirigente-estatal","status":"publish","type":"post","link":"https:\/\/zonaroja.com.mx\/?p=23396","title":{"rendered":"Surgen m\u00e1s inconformidades en el PVEM contra su dirigente estatal"},"content":{"rendered":"\n<p>Redacci\u00f3n\/Zona Roja.<\/p>\n\n\n\n<p>Oaxaca de Ju\u00e1rez, Oax., 9 de febrero de 2021.- Tras las declaraciones de ayer del dirigente municipal, Eduardo Reyes Santiago, este martes m\u00e1s sectores del Partido Verde Ecologista de M\u00e9xico (PVEM) se inconformaron contra su dirigente estatal, Jos\u00e9 Antonio Estefan Gillessen, hijo del priista y ex perredista Jos\u00e9 Antonio Estefan Garfias.<\/p>\n\n\n\n<p>En las regiones Cuenca del Papaloapan, Costa e Istmo, los militantes comenzaron una rebeli\u00f3n, para exigir la renuncia de su presidente estatal, as\u00ed como la del secretario de Procesos Electorales, Elpidio Altamirano, ante m\u00faltiples imposiciones de aspirantes a un cargo de representaci\u00f3n popular.<\/p>\n\n\n\n<p>Seg\u00fan una carta p\u00fablica que elaboran, Estefan Gillessen junto con Elpido Altamirano, dilapidan los recursos del partido en fiestas particulares, y comprueban los egresos con facturas falsas, a trav\u00e9s de una empresa facturera.<\/p>\n\n\n\n<p>Expusieron que tanto en la ciudad de Oaxaca como en los dem\u00e1s principales municipios del estado, no permitir\u00e1n imposiciones ni mucho menos candidatos que vengan de otros partidos, as\u00ed vaya en alianza con otros institutos pol\u00edticos.<\/p>\n\n\n\n<p>Mientras tanto, Eduardo Reyes Santiago prepara acciones jur\u00eddicas a nivel electoral federal contra la negativa de Estefan Guillessen de impedirle el registro como aspirante a la presidencia municipal de Oaxaca de Ju\u00e1rez.<\/p>\n","protected":false},"excerpt":{"rendered":"<p>Redacci\u00f3n\/Zona Roja. Oaxaca de Ju\u00e1rez, Oax., 9 de febrero de 2021.- Tras las declaraciones de&hellip;<\/p>\n","protected":false},"author":2,"featured_media":23397,"comment_status":"closed","ping_status":"open","sticky":false,"template":"","format":"standard","meta":{"_lmt_disableupdate":"","_lmt_disable":"","_jetpack_memberships_contains_paid_content":false,"footnotes":""},"categories":[109,47],"tags":[2438],"class_list":["post-23396","post","type-post","status-publish","format-standard","has-post-thumbnail","hentry","category-minuto-a-minuto","category-zona-gris","tag-jose-antonio-estefan-guillessen"],"jetpack_featured_media_url":"https:\/\/zonaroja.com.mx\/wp-content\/uploads\/2021\/02\/Jose-Antonio-Estefan-Guillessen.jpg","jetpack_sharing_enabled":true,"_links":{"self":[{"href":"https:\/\/zonaroja.com.mx\/index.php?rest_route=\/wp\/v2\/posts\/23396","targetHints":{"allow":["GET"]}}],"collection":[{"href":"https:\/\/zonaroja.com.mx\/index.php?rest_route=\/wp\/v2\/posts"}],"about":[{"href":"https:\/\/zonaroja.com.mx\/index.php?rest_route=\/wp\/v2\/types\/post"}],"author":[{"embeddable":true,"href":"https:\/\/zonaroja.com.mx\/index.php?rest_route=\/wp\/v2\/users\/2"}],"replies":[{"embeddable":true,"href":"https:\/\/zonaroja.com.mx\/index.php?rest_route=%2Fwp%2Fv2%2Fcomments&post=23396"}],"version-history":[{"count":1,"href":"https:\/\/zonaroja.com.mx\/index.php?rest_route=\/wp\/v2\/posts\/23396\/revisions"}],"predecessor-version":[{"id":23398,"href":"https:\/\/zonaroja.com.mx\/index.php?rest_route=\/wp\/v2\/posts\/23396\/revisions\/23398"}],"wp:featuredmedia":[{"embeddable":true,"href":"https:\/\/zonaroja.com.mx\/index.php?rest_route=\/wp\/v2\/media\/23397"}],"wp:attachment":[{"href":"https:\/\/zonaroja.com.mx\/index.php?rest_route=%2Fwp%2Fv2%2Fmedia&parent=23396"}],"wp:term":[{"taxonomy":"category","embeddable":true,"href":"https:\/\/zonaroja.com.mx\/index.php?rest_route=%2Fwp%2Fv2%2Fcategories&post=23396"},{"taxonomy":"post_tag","embeddable":true,"href":"https:\/\/zonaroja.com.mx\/index.php?rest_route=%2Fwp%2Fv2%2Ftags&post=23396"}],"curies":[{"name":"wp","href":"https:\/\/api.w.org\/{rel}","templated":true}]}}