{"id":23403,"date":"2021-02-09T20:23:47","date_gmt":"2021-02-10T02:23:47","guid":{"rendered":"http:\/\/www.zonaroja.com.mx\/?p=23403"},"modified":"2021-02-09T20:25:37","modified_gmt":"2021-02-10T02:25:37","slug":"denuncian-que-christian-hernandez-dejo-en-registro-civil-a-allegados-para-seguir-robando","status":"publish","type":"post","link":"https:\/\/zonaroja.com.mx\/?p=23403","title":{"rendered":"Denuncian que Christian Hern\u00e1ndez dej\u00f3 en Registro Civil a allegados, \u201cpara seguir robando\u201d"},"content":{"rendered":"\n<p>Yuridiana Sosa\/Zona Roja.<\/p>\n\n\n\n<p>Oaxaca de Ju\u00e1rez, Oax., 9 de febrero de 2021.- Trabajadores de la Direcci\u00f3n del Registro Civil de Oaxaca protestaron en la oficina central de la dependencia en la capital del estado para exigir a la Consejer\u00eda Jur\u00eddica del Estado y al gobernador Alejandro Murat se nombre a un nuevo titular, luego que Cristian Hern\u00e1ndez Fuentes renunci\u00f3 desde el 19 de enero.<\/p>\n\n\n\n<p>Los delegados del Sindicato de Trabajadores de los Poderes del Estado e Instituciones Descentralizadas de Car\u00e1cter Estatal de Oaxaca (STPEIDCEO) colocaron cartulinas en la fachada del inmueble ubicado en la calle de Garc\u00eda Vigil, en el Centro Hist\u00f3rico, para exhibir su demandan, pues la petici\u00f3n ya se realiz\u00f3 de manera formal por escrito desde hace varias semanas.<\/p>\n\n\n\n<p>El delegado Edgar Eloy Ortiz Ju\u00e1rez se\u00f1al\u00f3 que Hern\u00e1ndez Fuentes dej\u00f3 como encargado de la dependencia a Ulises Ubaldo, quien era su secretario particular, lo que da muestras que \u201cseguir\u00e1 la corrupci\u00f3n\u201d en los altos puestos.<\/p>\n\n\n\n<figure class=\"wp-block-embed-twitter wp-block-embed is-type-rich is-provider-twitter\"><div class=\"wp-block-embed__wrapper\">\n<div class=\"twitter-tweet\"><blockquote class=\"twitter-tweet\" data-lang=\"es\"><p lang=\"es\" dir=\"ltr\"><a href=\"https:\/\/twitter.com\/hashtag\/ENVIVO?src=hash&amp;ref_src=twsrc%5Etfw\">#ENVIVO<\/a> <br>Trabajadores de <a href=\"https:\/\/twitter.com\/RegCivil_GobOax?ref_src=twsrc%5Etfw\">@RegCivil_GobOax<\/a> protestan en sus oficinas principales de la ciudad de Oaxaca; demandan designaci\u00f3n de titular y no encargados, pues no quieren gente que dej\u00f3 <a href=\"https:\/\/twitter.com\/Christianhftes?ref_src=twsrc%5Etfw\">@Christianhftes<\/a>, pues \u201cseguir\u00e1 la corrupci\u00f3n\u201d.<br>Aqu\u00ed la transmisi\u00f3n:<br>\ud83d\udc47<a href=\"https:\/\/t.co\/N30JKUtxo6\">https:\/\/t.co\/N30JKUtxo6<\/a> <a href=\"https:\/\/t.co\/7dNhfBtcWN\">pic.twitter.com\/7dNhfBtcWN<\/a><\/p>&mdash; Zona Roja Oaxaca (@Zona_Roja_Oax) <a href=\"https:\/\/twitter.com\/Zona_Roja_Oax\/status\/1359230474447712257?ref_src=twsrc%5Etfw\">9 de febrero de 2021<\/a><\/blockquote><\/div>\n<\/div><\/figure>\n\n\n\n<p>Pues adem\u00e1s, el ex director, quien renunci\u00f3 presuntamente por sus aspiraciones a la diputaci\u00f3n local por Juchit\u00e1n, coloc\u00f3 a personal de su confianza en los mandos medios, por lo que insistieron en que urge \u201cque se deje de saquear el Registro Civil\u201d.<\/p>\n\n\n\n<p>Acusaron adem\u00e1s que Christian Hern\u00e1ndez acudi\u00f3 la semana pasada como titular del Registro Civil a la regi\u00f3n del Istmo, donde enga\u00f1\u00f3 al gobernador Murat con la adquisici\u00f3n de un m\u00f3dulo digital para expender actas, pero \u00e9ste fue retirado de las oficinas centrales y ya estaba en uso.<\/p>\n\n\n\n<p>En agosto de 2020, los trabajadores de este inmueble denunciaron que el director en ese entonces Hern\u00e1ndez Fuentes, los pretend\u00eda desalojar del lugar, por lo que exig\u00edan su renuncia.<\/p>\n\n\n\n<figure class=\"wp-block-embed-twitter wp-block-embed is-type-rich is-provider-twitter\"><div class=\"wp-block-embed__wrapper\">\n<div class=\"twitter-tweet\"><blockquote class=\"twitter-tweet\" data-lang=\"es\"><p lang=\"es\" dir=\"ltr\">Junto al Pdte. Mpal. Ildefonso L\u00f3pez L\u00f3pez, cortamos el list\u00f3n inaugural del m\u00f3dulo digital del <a href=\"https:\/\/twitter.com\/RegCivil_GobOax?ref_src=twsrc%5Etfw\">@RegCivil_GobOax<\/a> que permitir\u00e1 a las y los habitantes de Santa Mar\u00eda Chimalapa, obtener sus actas de nacimiento de forma m\u00e1s sencilla. <a href=\"https:\/\/t.co\/hVJpWlllS2\">pic.twitter.com\/hVJpWlllS2<\/a><\/p>&mdash; Alejandro Murat (@alejandromurat) <a href=\"https:\/\/twitter.com\/alejandromurat\/status\/1358160945474895873?ref_src=twsrc%5Etfw\">6 de febrero de 2021<\/a><\/blockquote><\/div>\n<\/div><\/figure>\n","protected":false},"excerpt":{"rendered":"<p>Yuridiana Sosa\/Zona Roja. Oaxaca de Ju\u00e1rez, Oax., 9 de febrero de 2021.- Trabajadores de la&hellip;<\/p>\n","protected":false},"author":2,"featured_media":23404,"comment_status":"closed","ping_status":"open","sticky":false,"template":"","format":"standard","meta":{"_lmt_disableupdate":"","_lmt_disable":"","_jetpack_memberships_contains_paid_content":false,"footnotes":""},"categories":[109,47],"tags":[1379],"class_list":["post-23403","post","type-post","status-publish","format-standard","has-post-thumbnail","hentry","category-minuto-a-minuto","category-zona-gris","tag-direccion-del-registro-civil-de-oaxaca"],"jetpack_featured_media_url":"https:\/\/zonaroja.com.mx\/wp-content\/uploads\/2021\/02\/Protesta-Registro-Civil.jpg","jetpack_sharing_enabled":true,"_links":{"self":[{"href":"https:\/\/zonaroja.com.mx\/index.php?rest_route=\/wp\/v2\/posts\/23403","targetHints":{"allow":["GET"]}}],"collection":[{"href":"https:\/\/zonaroja.com.mx\/index.php?rest_route=\/wp\/v2\/posts"}],"about":[{"href":"https:\/\/zonaroja.com.mx\/index.php?rest_route=\/wp\/v2\/types\/post"}],"author":[{"embeddable":true,"href":"https:\/\/zonaroja.com.mx\/index.php?rest_route=\/wp\/v2\/users\/2"}],"replies":[{"embeddable":true,"href":"https:\/\/zonaroja.com.mx\/index.php?rest_route=%2Fwp%2Fv2%2Fcomments&post=23403"}],"version-history":[{"count":2,"href":"https:\/\/zonaroja.com.mx\/index.php?rest_route=\/wp\/v2\/posts\/23403\/revisions"}],"predecessor-version":[{"id":23406,"href":"https:\/\/zonaroja.com.mx\/index.php?rest_route=\/wp\/v2\/posts\/23403\/revisions\/23406"}],"wp:featuredmedia":[{"embeddable":true,"href":"https:\/\/zonaroja.com.mx\/index.php?rest_route=\/wp\/v2\/media\/23404"}],"wp:attachment":[{"href":"https:\/\/zonaroja.com.mx\/index.php?rest_route=%2Fwp%2Fv2%2Fmedia&parent=23403"}],"wp:term":[{"taxonomy":"category","embeddable":true,"href":"https:\/\/zonaroja.com.mx\/index.php?rest_route=%2Fwp%2Fv2%2Fcategories&post=23403"},{"taxonomy":"post_tag","embeddable":true,"href":"https:\/\/zonaroja.com.mx\/index.php?rest_route=%2Fwp%2Fv2%2Ftags&post=23403"}],"curies":[{"name":"wp","href":"https:\/\/api.w.org\/{rel}","templated":true}]}}