{"id":23412,"date":"2021-02-09T22:12:23","date_gmt":"2021-02-10T04:12:23","guid":{"rendered":"http:\/\/www.zonaroja.com.mx\/?p=23412"},"modified":"2021-02-09T22:12:27","modified_gmt":"2021-02-10T04:12:27","slug":"oaxaca-en-rojo-por-covid-20-hospitales-llenos-365-positivos-y-22-decesos","status":"publish","type":"post","link":"https:\/\/zonaroja.com.mx\/?p=23412","title":{"rendered":"Oaxaca en rojo por Covid: 20 hospitales llenos, 365 positivos y 22 decesos"},"content":{"rendered":"\n<p>Redacci\u00f3n\/Zona Roja.<\/p>\n\n\n\n<p>Oaxaca de Ju\u00e1rez, Oax. 9 de febrero de 2021.- Los Servicios de Salud de Oaxaca (SSO) registran al corte epidemiol\u00f3gico de este martes 9 de febrero, 365 casos nuevos de Covid-19, sumando 37 mil 026 de manera acumulada; hay 20 hospitales al 100% de ocupaci\u00f3n, lo que representa un 61% en todo el estado.<\/p>\n\n\n\n<p>En un comunicado de prensa, la instituci\u00f3n inform\u00f3 que se han notificado 58 mil 267, de los cuales 16 mil 706 son negativos, hay cuatro mil 535 sospechosos, 33 mil 651 se han recuperado y lamentablemente se registraron 22 decesos, sumando dos mil 669 muertes acumuladas.<\/p>\n\n\n\n<p>La Jurisdicci\u00f3n Sanitaria n\u00famero uno Valles Centrales contabiliza 25 mil 544 casos confirmados y mil 433 defunciones; Istmo tres mil 105 y 433 muertes; Mixteca 2 mil 945 y 234 p\u00e9rdidas humanas; Tuxtepec dos mil 324 y 296 fallecimientos; Costa mil 832 y 169 bajas y la Sierra mil 276 y 104 defunciones.<\/p>\n\n\n\n<figure class=\"wp-block-embed-twitter wp-block-embed is-type-rich is-provider-twitter\"><div class=\"wp-block-embed__wrapper\">\n<div class=\"twitter-tweet\"><blockquote class=\"twitter-tweet\" data-lang=\"es\"><p lang=\"es\" dir=\"ltr\"><a href=\"https:\/\/twitter.com\/hashtag\/%C3%9AltimoMinuto?src=hash&amp;ref_src=twsrc%5Etfw\">#\u00daltimoMinuto<\/a><br>En <a href=\"https:\/\/twitter.com\/hashtag\/Oaxaca?src=hash&amp;ref_src=twsrc%5Etfw\">#Oaxaca<\/a>, la pandemia desmiente de nuevo al gobernador <a href=\"https:\/\/twitter.com\/alejandromurat?ref_src=twsrc%5Etfw\">@alejandromurat<\/a>; esta noche reportan los Servicios de Salud 365 casos positivos, para un total de 37 mil 26 confirmados, as\u00ed como 22 decesos, con lo que se acumulan dos mil 669; hay 20 hospitales llenos. <a href=\"https:\/\/t.co\/tRVwCEYuKK\">pic.twitter.com\/tRVwCEYuKK<\/a><\/p>&mdash; Zona Roja Oaxaca (@Zona_Roja_Oax) <a href=\"https:\/\/twitter.com\/Zona_Roja_Oax\/status\/1359320697059880961?ref_src=twsrc%5Etfw\">10 de febrero de 2021<\/a><\/blockquote><\/div>\n<\/div><\/figure>\n\n\n\n<p>Sostuvo que los 365 casos nuevos afectan a 93 municipios, siendo los que mayor n\u00famero de casos presentan el de Oaxaca de Ju\u00e1rez con 94, Huajuapan de Le\u00f3n 36, Santa Luc\u00eda del Camino 14, Santa Cruz Xoxocotl\u00e1n 13, Salina Cruz 10, Santa Mar\u00eda Atzompa nueve; el resto seis, cinco, cuatro, tres, dos y un caso.<\/p>\n\n\n\n<p>Dijo que hay 706 casos activos siendo la Jurisdicci\u00f3n Sanitaria de Valles Centrales la que registra 442, Mixteca 103, Istmo 57, Costa 43, Tuxtepec 42 y la Sierra 19.<\/p>\n\n\n\n<p>Con relaci\u00f3n a la ocupaci\u00f3n hospitalaria de los d\u00edas 8 y 9 de febrero se registraron 36 nuevos hospitalizados, hay 396 camas ocupadas y 253 disponibles de un total de 649. La Jurisdicci\u00f3n Sanitaria n\u00famero uno Valles Centrales contabiliza 231 camas ocupadas, Istmo 62, Costa 38, Tuxtepec 33, Mixteca 29 y Sierra 3.<\/p>\n\n\n\n<p>Finalmente, record\u00f3 a la poblaci\u00f3n continuar con el uso de cubrebocas, aplicar la sana distancia y lavado continuo de manos, \u201cno hay que bajar la guardia\u201d.<\/p>\n","protected":false},"excerpt":{"rendered":"<p>Redacci\u00f3n\/Zona Roja. Oaxaca de Ju\u00e1rez, Oax. 9 de febrero de 2021.- Los Servicios de Salud&hellip;<\/p>\n","protected":false},"author":2,"featured_media":23413,"comment_status":"closed","ping_status":"open","sticky":false,"template":"","format":"standard","meta":{"_lmt_disableupdate":"","_lmt_disable":"","_jetpack_memberships_contains_paid_content":false,"footnotes":""},"categories":[109,47],"tags":[1512],"class_list":["post-23412","post","type-post","status-publish","format-standard","has-post-thumbnail","hentry","category-minuto-a-minuto","category-zona-gris","tag-coronavirus-oaxaca"],"jetpack_featured_media_url":"https:\/\/zonaroja.com.mx\/wp-content\/uploads\/2021\/02\/SSO-1-1-1.jpeg","jetpack_sharing_enabled":true,"_links":{"self":[{"href":"https:\/\/zonaroja.com.mx\/index.php?rest_route=\/wp\/v2\/posts\/23412","targetHints":{"allow":["GET"]}}],"collection":[{"href":"https:\/\/zonaroja.com.mx\/index.php?rest_route=\/wp\/v2\/posts"}],"about":[{"href":"https:\/\/zonaroja.com.mx\/index.php?rest_route=\/wp\/v2\/types\/post"}],"author":[{"embeddable":true,"href":"https:\/\/zonaroja.com.mx\/index.php?rest_route=\/wp\/v2\/users\/2"}],"replies":[{"embeddable":true,"href":"https:\/\/zonaroja.com.mx\/index.php?rest_route=%2Fwp%2Fv2%2Fcomments&post=23412"}],"version-history":[{"count":1,"href":"https:\/\/zonaroja.com.mx\/index.php?rest_route=\/wp\/v2\/posts\/23412\/revisions"}],"predecessor-version":[{"id":23414,"href":"https:\/\/zonaroja.com.mx\/index.php?rest_route=\/wp\/v2\/posts\/23412\/revisions\/23414"}],"wp:featuredmedia":[{"embeddable":true,"href":"https:\/\/zonaroja.com.mx\/index.php?rest_route=\/wp\/v2\/media\/23413"}],"wp:attachment":[{"href":"https:\/\/zonaroja.com.mx\/index.php?rest_route=%2Fwp%2Fv2%2Fmedia&parent=23412"}],"wp:term":[{"taxonomy":"category","embeddable":true,"href":"https:\/\/zonaroja.com.mx\/index.php?rest_route=%2Fwp%2Fv2%2Fcategories&post=23412"},{"taxonomy":"post_tag","embeddable":true,"href":"https:\/\/zonaroja.com.mx\/index.php?rest_route=%2Fwp%2Fv2%2Ftags&post=23412"}],"curies":[{"name":"wp","href":"https:\/\/api.w.org\/{rel}","templated":true}]}}