{"id":23415,"date":"2021-02-10T07:30:37","date_gmt":"2021-02-10T13:30:37","guid":{"rendered":"http:\/\/www.zonaroja.com.mx\/?p=23415"},"modified":"2021-02-10T07:30:45","modified_gmt":"2021-02-10T13:30:45","slug":"mejora-poder-judicial-conectividad-y-redes-de-datos-en-edificios-y-juzgados","status":"publish","type":"post","link":"https:\/\/zonaroja.com.mx\/?p=23415","title":{"rendered":"Mejora Poder Judicial conectividad y redes de datos en edificios y juzgados"},"content":{"rendered":"\n<p>Redacci\u00f3n\/Zona Roja.<\/p>\n\n\n\n<p>Oaxaca de Ju\u00e1rez, Oax., 10 de febrero de 2021.- Ante el esquema de globalizaci\u00f3n que las tecnolog\u00edas de la informaci\u00f3n han originado por el uso masivo y universal de internet, como parte de la innovaci\u00f3n tecnol\u00f3gica en el Poder Judicial del Estado, impulsada por el magistrado presidente Eduardo Pinacho S\u00e1nchez, se actualizaron las redes de datos en edificios que ocupan juzgados y Centros de Justicia con el prop\u00f3sito de que las y los usuarios tengan acceso al Tribunal Virtual agilizando los tr\u00e1mites del quehacer jurisdiccional.<\/p>\n\n\n\n<p>Esta innovaci\u00f3n tecnol\u00f3gica plantea el prerregistro de las y los abogados litigantes, corrobor\u00e1ndose por videollamada su informaci\u00f3n, proporcion\u00e1ndoles el usuario, los permisos, llave privada encriptada y un correo institucional para que puedan accesar al prerregistro de tr\u00e1mites jurisdiccionales de la instancia que se requiera.<\/p>\n\n\n\n<p>El procedimiento garantiza la seguridad de los datos personales de los usuarios, salvaguardando su privacidad; cuidando as\u00ed la no aglomeraci\u00f3n de personas, para lo cual se incorpor\u00f3 una agenda de citas presenciales. Por ello, con el fin de garantizar una comunicaci\u00f3n efectiva con las partes y optimizar la conectividad se dot\u00f3 de nueva infraestructura.<\/p>\n\n\n\n<p>Las mejoras se realizaron en los edificios que ocupan los juzgados Civiles y Familiares del Centro, ubicados en el Ex Marquesado, que cuentan ahora con un moderno sistema de voz y datos, red de internet categor\u00eda 6 y Wi Fi gratuito con capacidad para dar servicio eficiente hasta a 500 usuarios, entre trabajadores y personas que acuden a realizar tr\u00e1mites<\/p>\n\n\n\n<p>Tambi\u00e9n se actualizaron redes de datos en la Direcci\u00f3n de Derechos Humanos; la Direcci\u00f3n de Periciales; en los Juzgados: Mixto de Jamiltepec, Mixto de Zaachila, Mixto de Cosolapa, Penal de Tlacolula, Primero Penal del Centro.<\/p>\n\n\n\n<p>Por otra parte, se instalaron redes inal\u00e1mbricas en el Centro de Justicia \u201cDel Istmo\u201d con sede en El Espinal y se aument\u00f3 el ancho de banda en el complejo de Ciudad Judicial, el edificio Juzgados Penales del Centro en Santa Mar\u00eda Ixcotel; el Juzgado de Control de Puerto Escondido y el Juzgado de Control de Pochutla.<\/p>\n\n\n\n<p>Estos trabajos permiten una mejora considerable en los servicios digitales que ofrece el Poder Judicial y as\u00ed agilizar las respuestas de las demandas de las y los justiciables y la comunidad jur\u00eddica realizando a su vez econom\u00edas en tiempo y costo.<\/p>\n","protected":false},"excerpt":{"rendered":"<p>Redacci\u00f3n\/Zona Roja. Oaxaca de Ju\u00e1rez, Oax., 10 de febrero de 2021.- Ante el esquema de&hellip;<\/p>\n","protected":false},"author":2,"featured_media":23416,"comment_status":"closed","ping_status":"open","sticky":false,"template":"","format":"standard","meta":{"_lmt_disableupdate":"","_lmt_disable":"","_jetpack_memberships_contains_paid_content":false,"footnotes":""},"categories":[109,46],"tags":[223],"class_list":["post-23415","post","type-post","status-publish","format-standard","has-post-thumbnail","hentry","category-minuto-a-minuto","category-zona-blanca","tag-poder-judicial-de-oaxaca"],"jetpack_featured_media_url":"https:\/\/zonaroja.com.mx\/wp-content\/uploads\/2021\/02\/01-Equipamiento.jpg","jetpack_sharing_enabled":true,"_links":{"self":[{"href":"https:\/\/zonaroja.com.mx\/index.php?rest_route=\/wp\/v2\/posts\/23415","targetHints":{"allow":["GET"]}}],"collection":[{"href":"https:\/\/zonaroja.com.mx\/index.php?rest_route=\/wp\/v2\/posts"}],"about":[{"href":"https:\/\/zonaroja.com.mx\/index.php?rest_route=\/wp\/v2\/types\/post"}],"author":[{"embeddable":true,"href":"https:\/\/zonaroja.com.mx\/index.php?rest_route=\/wp\/v2\/users\/2"}],"replies":[{"embeddable":true,"href":"https:\/\/zonaroja.com.mx\/index.php?rest_route=%2Fwp%2Fv2%2Fcomments&post=23415"}],"version-history":[{"count":1,"href":"https:\/\/zonaroja.com.mx\/index.php?rest_route=\/wp\/v2\/posts\/23415\/revisions"}],"predecessor-version":[{"id":23417,"href":"https:\/\/zonaroja.com.mx\/index.php?rest_route=\/wp\/v2\/posts\/23415\/revisions\/23417"}],"wp:featuredmedia":[{"embeddable":true,"href":"https:\/\/zonaroja.com.mx\/index.php?rest_route=\/wp\/v2\/media\/23416"}],"wp:attachment":[{"href":"https:\/\/zonaroja.com.mx\/index.php?rest_route=%2Fwp%2Fv2%2Fmedia&parent=23415"}],"wp:term":[{"taxonomy":"category","embeddable":true,"href":"https:\/\/zonaroja.com.mx\/index.php?rest_route=%2Fwp%2Fv2%2Fcategories&post=23415"},{"taxonomy":"post_tag","embeddable":true,"href":"https:\/\/zonaroja.com.mx\/index.php?rest_route=%2Fwp%2Fv2%2Ftags&post=23415"}],"curies":[{"name":"wp","href":"https:\/\/api.w.org\/{rel}","templated":true}]}}