{"id":23421,"date":"2021-02-10T08:05:33","date_gmt":"2021-02-10T14:05:33","guid":{"rendered":"http:\/\/www.zonaroja.com.mx\/?p=23421"},"modified":"2021-02-10T08:22:06","modified_gmt":"2021-02-10T14:22:06","slug":"dan-a-mario-marin-formal-prision-alonso-ancira-seguira-recluido","status":"publish","type":"post","link":"https:\/\/zonaroja.com.mx\/?p=23421","title":{"rendered":"Dan a Mario Mar\u00edn formal prisi\u00f3n; Alonso Ancira seguir\u00e1 recluido"},"content":{"rendered":"\n<p>Redacci\u00f3n\/Zona Roja Cdmx.<\/p>\n\n\n\n<p>Ciudad de M\u00e9xico, 10 de febrero de 2021.- Al ex gobernador de Puebla, Mario Mar\u00edn Torres, le fue dictada anoche auto de formal prisi\u00f3n, seg\u00fan resolvi\u00f3 el Juzgado Segundo de Distrito en Quintana Roo.<\/p>\n\n\n\n<p>Lo anterior, por el delito de tortura en contra de la periodista Lydia Cacho.<\/p>\n\n\n\n<p>\u00abARTICLE 19 y @lydiacachosi celebran la resoluci\u00f3n del Juzgado Segundo de Distrito en Quintana Roo, por medio de la cual se dict\u00f3 el auto de formal prisi\u00f3n contra de Mario Mar\u00edn, ex Gobernador de Puebla, por el delito de tortura en agravio de la periodista y activista\u00bb, difundi\u00f3 la organizaci\u00f3n Art\u00edculo 19.<\/p>\n\n\n\n<p>Mario Mar\u00edn fue aprehendido el pasado 3 de febrero por la Fiscal\u00eda General de la Rep\u00fablica en Acapulco, Guerrero, por las acusaciones de tortura contra Cacho en 2005.<\/p>\n\n\n\n<p>CASO ANCIRA<\/p>\n\n\n\n<p>Por otra parte, un juez federal juez federal resolvi\u00f3 que Alonso Ancira debe continuar preso hasta que sea entregado el acuerdo resarcitorio debidamente aprobado por la empresa productiva del Estado; ello a pesar de pactar una reparaci\u00f3n del da\u00f1o por 219 millones de d\u00f3lares con Pemex.<\/p>\n\n\n\n<p>Artemio Z\u00fa\u00f1iga Mendoza, juez de control del Centro de Justicia Penal Federal del Reclusorio Norte, determin\u00f3 que en el momento que le entreguen ese acuerdo suscrito por los directivos, fijar\u00e1 fecha y hora de una nueva audiencia para modificar la medida cautelar y eventualmente darle la libertad.<\/p>\n\n\n\n<p>La defensa revel\u00f3 en el \u00faltimo tramo de la audiencia que desde el s\u00e1bado pasado el Consejo de Administraci\u00f3n de Pemex ya acept\u00f3 el acuerdo reparatorio y por ello solicitaban la modificaci\u00f3n de la medida cautelar.<\/p>\n\n\n\n<p>Pero el juez se\u00f1al\u00f3 que no se hab\u00edan modificado las condiciones por las cuales el pasado jueves dict\u00f3 la prisi\u00f3n preventiva justificada, raz\u00f3n por la que reiter\u00f3 la imposici\u00f3n de esta medida que mantendr\u00e1 por ahora al empresario en el Reclusorio Norte.<\/p>\n\n\n\n<p>El juez Z\u00fa\u00f1iga vincul\u00f3 a proceso a Ancira por lavado de dinero, derivado de un supuesto soborno de 3.5 millones de d\u00f3lares a Emilio Lozoya para que la empresa productiva del Estado comprara a AHMSA la planta \u00abchatarra\u00bb de Agronitrogenados en 2013.<\/p>\n\n\n\n<p>(Con informaci\u00f3n del diario \u201cReforma\u201d)<\/p>\n","protected":false},"excerpt":{"rendered":"<p>Redacci\u00f3n\/Zona Roja Cdmx. Ciudad de M\u00e9xico, 10 de febrero de 2021.- Al ex gobernador de&hellip;<\/p>\n","protected":false},"author":2,"featured_media":23238,"comment_status":"closed","ping_status":"open","sticky":false,"template":"","format":"standard","meta":{"_lmt_disableupdate":"","_lmt_disable":"","_jetpack_memberships_contains_paid_content":false,"footnotes":""},"categories":[109,47],"tags":[2426],"class_list":["post-23421","post","type-post","status-publish","format-standard","has-post-thumbnail","hentry","category-minuto-a-minuto","category-zona-gris","tag-mario-marin-torres"],"jetpack_featured_media_url":"https:\/\/zonaroja.com.mx\/wp-content\/uploads\/2021\/02\/Ancira-y-Mario-Marin.jpg","jetpack_sharing_enabled":true,"_links":{"self":[{"href":"https:\/\/zonaroja.com.mx\/index.php?rest_route=\/wp\/v2\/posts\/23421","targetHints":{"allow":["GET"]}}],"collection":[{"href":"https:\/\/zonaroja.com.mx\/index.php?rest_route=\/wp\/v2\/posts"}],"about":[{"href":"https:\/\/zonaroja.com.mx\/index.php?rest_route=\/wp\/v2\/types\/post"}],"author":[{"embeddable":true,"href":"https:\/\/zonaroja.com.mx\/index.php?rest_route=\/wp\/v2\/users\/2"}],"replies":[{"embeddable":true,"href":"https:\/\/zonaroja.com.mx\/index.php?rest_route=%2Fwp%2Fv2%2Fcomments&post=23421"}],"version-history":[{"count":2,"href":"https:\/\/zonaroja.com.mx\/index.php?rest_route=\/wp\/v2\/posts\/23421\/revisions"}],"predecessor-version":[{"id":23424,"href":"https:\/\/zonaroja.com.mx\/index.php?rest_route=\/wp\/v2\/posts\/23421\/revisions\/23424"}],"wp:featuredmedia":[{"embeddable":true,"href":"https:\/\/zonaroja.com.mx\/index.php?rest_route=\/wp\/v2\/media\/23238"}],"wp:attachment":[{"href":"https:\/\/zonaroja.com.mx\/index.php?rest_route=%2Fwp%2Fv2%2Fmedia&parent=23421"}],"wp:term":[{"taxonomy":"category","embeddable":true,"href":"https:\/\/zonaroja.com.mx\/index.php?rest_route=%2Fwp%2Fv2%2Fcategories&post=23421"},{"taxonomy":"post_tag","embeddable":true,"href":"https:\/\/zonaroja.com.mx\/index.php?rest_route=%2Fwp%2Fv2%2Ftags&post=23421"}],"curies":[{"name":"wp","href":"https:\/\/api.w.org\/{rel}","templated":true}]}}