{"id":23423,"date":"2021-02-10T08:25:11","date_gmt":"2021-02-10T14:25:11","guid":{"rendered":"http:\/\/www.zonaroja.com.mx\/?p=23423"},"modified":"2021-02-10T08:25:15","modified_gmt":"2021-02-10T14:25:15","slug":"retienen-a-tres-funcionarios-de-la-segego-en-bloqueo-en-el-istmo","status":"publish","type":"post","link":"https:\/\/zonaroja.com.mx\/?p=23423","title":{"rendered":"Retienen a tres funcionarios de la Segego en bloqueo en el Istmo"},"content":{"rendered":"\n<p>Redacci\u00f3n\/Zona Roja.<\/p>\n\n\n\n<p>Oaxaca de Ju\u00e1rez, Oax., 10 de febrero de 2021.- Tres funcionarios de la Secretar\u00eda General de Gobierno (Segego) se encuentran retenidos en el bloqueo a la carretera Trans\u00edstmica, a la altura del kil\u00f3metro 175-500, entronque a la localidad Boca del Monte.<\/p>\n\n\n\n<p>Se trata de Jorge Toledo Toledo, Osiris Jim\u00e9nez y Gabriel Hern\u00e1ndez, quienes fueron detenidos por parte de pobladores de San Juan Mazatl\u00e1n Mixe, hasta que haya soluci\u00f3n a su problema.<\/p>\n\n\n\n<p>Los habitantes cerraron desde ayer la carretera Trans\u00edstmica, con lo cual se mantiene cerrado el tr\u00e1nsito vehicular del Istmo hacia el estado de Veracruz y hacia la Cuenca, y viceversa.<\/p>\n\n\n\n<p>Seg\u00fan los moradores, exigen la renuncia del presidente municipal de San Juan Mazatl\u00e1n Mixe, el priista Macario Eleuterio Jim\u00e9nez, quien ha sido reelecto en varias ocasiones, pero sin dar cuenta del uso de los recursos p\u00fablicos.<\/p>\n\n\n\n<p>Adem\u00e1s, denuncian que no hay obra en el municipio y a las agencias les ha negado el recurso financiero.<\/p>\n\n\n\n<p>En abril de 2019 se registr\u00f3 una protesta similar por parte de los habitantes de dicho municipio, por las mismas demandas, que no han sido atendidas en su totalidad.<\/p>\n\n\n\n<figure class=\"wp-block-image size-large\"><img decoding=\"async\" width=\"675\" height=\"900\" src=\"http:\/\/www.zonaroja.com.mx\/wp-content\/uploads\/2021\/02\/Bloqueo-Istmo-1.jpg\" alt=\"\" class=\"wp-image-23425\" srcset=\"https:\/\/zonaroja.com.mx\/wp-content\/uploads\/2021\/02\/Bloqueo-Istmo-1.jpg 675w, https:\/\/zonaroja.com.mx\/wp-content\/uploads\/2021\/02\/Bloqueo-Istmo-1-225x300.jpg 225w, https:\/\/zonaroja.com.mx\/wp-content\/uploads\/2021\/02\/Bloqueo-Istmo-1-585x780.jpg 585w\" sizes=\"(max-width: 675px) 100vw, 675px\" \/><\/figure>\n","protected":false},"excerpt":{"rendered":"<p>Redacci\u00f3n\/Zona Roja. Oaxaca de Ju\u00e1rez, Oax., 10 de febrero de 2021.- Tres funcionarios de la&hellip;<\/p>\n","protected":false},"author":2,"featured_media":23426,"comment_status":"closed","ping_status":"open","sticky":false,"template":"","format":"standard","meta":{"_lmt_disableupdate":"","_lmt_disable":"","_jetpack_memberships_contains_paid_content":false,"footnotes":""},"categories":[109,47],"tags":[933],"class_list":["post-23423","post","type-post","status-publish","format-standard","has-post-thumbnail","hentry","category-minuto-a-minuto","category-zona-gris","tag-san-juan-mazatlan-mixe"],"jetpack_featured_media_url":"https:\/\/zonaroja.com.mx\/wp-content\/uploads\/2021\/02\/Bloqueo-Istmo-2.jpg","jetpack_sharing_enabled":true,"_links":{"self":[{"href":"https:\/\/zonaroja.com.mx\/index.php?rest_route=\/wp\/v2\/posts\/23423","targetHints":{"allow":["GET"]}}],"collection":[{"href":"https:\/\/zonaroja.com.mx\/index.php?rest_route=\/wp\/v2\/posts"}],"about":[{"href":"https:\/\/zonaroja.com.mx\/index.php?rest_route=\/wp\/v2\/types\/post"}],"author":[{"embeddable":true,"href":"https:\/\/zonaroja.com.mx\/index.php?rest_route=\/wp\/v2\/users\/2"}],"replies":[{"embeddable":true,"href":"https:\/\/zonaroja.com.mx\/index.php?rest_route=%2Fwp%2Fv2%2Fcomments&post=23423"}],"version-history":[{"count":1,"href":"https:\/\/zonaroja.com.mx\/index.php?rest_route=\/wp\/v2\/posts\/23423\/revisions"}],"predecessor-version":[{"id":23427,"href":"https:\/\/zonaroja.com.mx\/index.php?rest_route=\/wp\/v2\/posts\/23423\/revisions\/23427"}],"wp:featuredmedia":[{"embeddable":true,"href":"https:\/\/zonaroja.com.mx\/index.php?rest_route=\/wp\/v2\/media\/23426"}],"wp:attachment":[{"href":"https:\/\/zonaroja.com.mx\/index.php?rest_route=%2Fwp%2Fv2%2Fmedia&parent=23423"}],"wp:term":[{"taxonomy":"category","embeddable":true,"href":"https:\/\/zonaroja.com.mx\/index.php?rest_route=%2Fwp%2Fv2%2Fcategories&post=23423"},{"taxonomy":"post_tag","embeddable":true,"href":"https:\/\/zonaroja.com.mx\/index.php?rest_route=%2Fwp%2Fv2%2Ftags&post=23423"}],"curies":[{"name":"wp","href":"https:\/\/api.w.org\/{rel}","templated":true}]}}